{"id":2639,"date":"2021-04-20T08:47:53","date_gmt":"2021-04-20T06:47:53","guid":{"rendered":"http:\/\/www.kreativschmiede-soller.ch\/?p=2639"},"modified":"2023-07-09T23:02:52","modified_gmt":"2023-07-09T21:02:52","slug":"800-schritte-skulpturenweg-aadorf","status":"publish","type":"post","link":"http:\/\/www.kreativschmiede-soller.ch\/index.php\/2021\/04\/20\/800-schritte-skulpturenweg-aadorf\/","title":{"rendered":"800 schritte &#8211; skulpturenweg aadorf"},"content":{"rendered":"\n<figure class=\"wp-block-image\"><a href=\"http:\/\/www.kreativschmiede-soller.ch\/wp-content\/uploads\/2021\/04\/210406-Flyer-Skulpturenweg-2021.pdf\" target=\"_blank\" rel=\"noreferrer noopener\"><img decoding=\"async\" loading=\"lazy\" width=\"516\" height=\"724\" src=\"http:\/\/www.kreativschmiede-soller.ch\/wp-content\/uploads\/2021\/04\/Plakat-web.jpg\" alt=\"\" class=\"wp-image-2640\" srcset=\"http:\/\/www.kreativschmiede-soller.ch\/wp-content\/uploads\/2021\/04\/Plakat-web.jpg 516w, http:\/\/www.kreativschmiede-soller.ch\/wp-content\/uploads\/2021\/04\/Plakat-web-214x300.jpg 214w\" sizes=\"(max-width: 516px) 100vw, 516px\" \/><\/a><figcaption class=\"wp-element-caption\"><a rel=\"noreferrer noopener\" aria-label=\"arealrotfarb.ch (\u00f6ffnet in neuem Tab)\" href=\"http:\/\/www.arealrotfarb.ch\" target=\"_blank\">arealrotfarb.ch<\/a><br><a href=\"http:\/\/www.kreativschmiede-soller.ch\/wp-content\/uploads\/2021\/06\/210518-Faltprospekt.pdf\" target=\"_blank\" rel=\"noreferrer noopener\" aria-label=\"Flyer mit den einzelnen k\u00fcnsterInnen (\u00f6ffnet in neuem Tab)\">Flyer mit den einzelnen k\u00fcnsterInnen<\/a><\/figcaption><\/figure>\n\n\n\n<p>Ein schritt zur normalit\u00e4t, das w\u00fcnschen wir uns auch. <br>Daher sind wir mit  zwei werken am skulpturenweg an der l\u00fctzelmurg und zwei skulpturen in der kunstausstellung beteiligt. <br>Bei sch\u00f6nstem wetter fand die \u00a8stille\u00a8 er\u00f6ffnung statt, der libellenschwarm erhebt sich \u00fcber der l\u00fctzelmurg. Wir freuen uns \u00fcber ein echo.<\/p>\n\n\n\n<figure class=\"wp-block-image\"><img decoding=\"async\" loading=\"lazy\" width=\"768\" height=\"1024\" src=\"http:\/\/www.kreativschmiede-soller.ch\/wp-content\/uploads\/2021\/06\/IMG_4945-768x1024.jpg\" alt=\"\" class=\"wp-image-2666\" srcset=\"http:\/\/www.kreativschmiede-soller.ch\/wp-content\/uploads\/2021\/06\/IMG_4945-768x1024.jpg 768w, http:\/\/www.kreativschmiede-soller.ch\/wp-content\/uploads\/2021\/06\/IMG_4945-225x300.jpg 225w, http:\/\/www.kreativschmiede-soller.ch\/wp-content\/uploads\/2021\/06\/IMG_4945-600x800.jpg 600w\" sizes=\"(max-width: 768px) 100vw, 768px\" \/><\/figure>\n","protected":false},"excerpt":{"rendered":"<p>Ein schritt zur normalit\u00e4t, das w\u00fcnschen wir uns auch. Daher sind wir mit zwei werken am skulpturenweg an der l\u00fctzelmurg und zwei skulpturen in der [&#8230;]<\/p>\n","protected":false},"author":2,"featured_media":0,"comment_status":"closed","ping_status":"closed","sticky":false,"template":"","format":"standard","meta":[],"categories":[13,1,3],"tags":[112,111],"_links":{"self":[{"href":"http:\/\/www.kreativschmiede-soller.ch\/index.php\/wp-json\/wp\/v2\/posts\/2639"}],"collection":[{"href":"http:\/\/www.kreativschmiede-soller.ch\/index.php\/wp-json\/wp\/v2\/posts"}],"about":[{"href":"http:\/\/www.kreativschmiede-soller.ch\/index.php\/wp-json\/wp\/v2\/types\/post"}],"author":[{"embeddable":true,"href":"http:\/\/www.kreativschmiede-soller.ch\/index.php\/wp-json\/wp\/v2\/users\/2"}],"replies":[{"embeddable":true,"href":"http:\/\/www.kreativschmiede-soller.ch\/index.php\/wp-json\/wp\/v2\/comments?post=2639"}],"version-history":[{"count":6,"href":"http:\/\/www.kreativschmiede-soller.ch\/index.php\/wp-json\/wp\/v2\/posts\/2639\/revisions"}],"predecessor-version":[{"id":2998,"href":"http:\/\/www.kreativschmiede-soller.ch\/index.php\/wp-json\/wp\/v2\/posts\/2639\/revisions\/2998"}],"wp:attachment":[{"href":"http:\/\/www.kreativschmiede-soller.ch\/index.php\/wp-json\/wp\/v2\/media?parent=2639"}],"wp:term":[{"taxonomy":"category","embeddable":true,"href":"http:\/\/www.kreativschmiede-soller.ch\/index.php\/wp-json\/wp\/v2\/categories?post=2639"},{"taxonomy":"post_tag","embeddable":true,"href":"http:\/\/www.kreativschmiede-soller.ch\/index.php\/wp-json\/wp\/v2\/tags?post=2639"}],"curies":[{"name":"wp","href":"https:\/\/api.w.org\/{rel}","templated":true}]}}