{"id":2675,"date":"2021-06-14T21:20:39","date_gmt":"2021-06-14T19:20:39","guid":{"rendered":"http:\/\/www.kreativschmiede-soller.ch\/?p=2675"},"modified":"2021-06-14T21:20:39","modified_gmt":"2021-06-14T19:20:39","slug":"glockenstuhl-fuer-das-rathaus-bischofszell","status":"publish","type":"post","link":"http:\/\/www.kreativschmiede-soller.ch\/index.php\/2021\/06\/14\/glockenstuhl-fuer-das-rathaus-bischofszell\/","title":{"rendered":"glockenstuhl f\u00fcr das rathaus bischofszell"},"content":{"rendered":"\n<p>Nun ist das rathaus von bischofszell wieder \u00a8komplett\u00a8. Beim t\u00fcrportal fristete ein teil der mechanik des glockenzuges ein dornr\u00f6schenschlaf. Jetzt ist es wachgek\u00fcsst und erklingt in hellen t\u00f6nen. Eine kleine glocke, mit besonderem datum, ziert den neu geschmiedeten glockenstuhl im eingangsportal. Ein filigranes schmiedewerk erg\u00e4nzt die t\u00fcrbeschl\u00e4ge und das barocke gitterwerk beim eingang. <\/p>\n\n\n\n<figure class=\"wp-block-image\"><img decoding=\"async\" loading=\"lazy\" width=\"768\" height=\"1024\" src=\"http:\/\/www.kreativschmiede-soller.ch\/wp-content\/uploads\/2021\/06\/IMG_0800-768x1024.jpg\" alt=\"\" class=\"wp-image-2667\" srcset=\"http:\/\/www.kreativschmiede-soller.ch\/wp-content\/uploads\/2021\/06\/IMG_0800-768x1024.jpg 768w, http:\/\/www.kreativschmiede-soller.ch\/wp-content\/uploads\/2021\/06\/IMG_0800-225x300.jpg 225w, http:\/\/www.kreativschmiede-soller.ch\/wp-content\/uploads\/2021\/06\/IMG_0800-600x800.jpg 600w\" sizes=\"(max-width: 768px) 100vw, 768px\" \/><\/figure>\n\n\n\n<figure class=\"wp-block-image\"><img decoding=\"async\" loading=\"lazy\" width=\"768\" height=\"1024\" src=\"http:\/\/www.kreativschmiede-soller.ch\/wp-content\/uploads\/2021\/06\/IMG_0798-768x1024.jpg\" alt=\"\" class=\"wp-image-2668\" srcset=\"http:\/\/www.kreativschmiede-soller.ch\/wp-content\/uploads\/2021\/06\/IMG_0798-768x1024.jpg 768w, http:\/\/www.kreativschmiede-soller.ch\/wp-content\/uploads\/2021\/06\/IMG_0798-225x300.jpg 225w, http:\/\/www.kreativschmiede-soller.ch\/wp-content\/uploads\/2021\/06\/IMG_0798-600x800.jpg 600w\" sizes=\"(max-width: 768px) 100vw, 768px\" \/><\/figure>\n\n\n\n<figure class=\"wp-block-image\"><img decoding=\"async\" loading=\"lazy\" width=\"768\" height=\"1024\" src=\"http:\/\/www.kreativschmiede-soller.ch\/wp-content\/uploads\/2021\/06\/IMG_1081-768x1024.jpg\" alt=\"\" class=\"wp-image-2665\" srcset=\"http:\/\/www.kreativschmiede-soller.ch\/wp-content\/uploads\/2021\/06\/IMG_1081-768x1024.jpg 768w, http:\/\/www.kreativschmiede-soller.ch\/wp-content\/uploads\/2021\/06\/IMG_1081-225x300.jpg 225w, http:\/\/www.kreativschmiede-soller.ch\/wp-content\/uploads\/2021\/06\/IMG_1081-600x800.jpg 600w\" sizes=\"(max-width: 768px) 100vw, 768px\" \/><\/figure>\n\n\n\n<figure class=\"wp-block-image\"><img decoding=\"async\" loading=\"lazy\" width=\"768\" height=\"1024\" src=\"http:\/\/www.kreativschmiede-soller.ch\/wp-content\/uploads\/2021\/06\/IMG_1084-768x1024.jpg\" alt=\"\" class=\"wp-image-2664\" srcset=\"http:\/\/www.kreativschmiede-soller.ch\/wp-content\/uploads\/2021\/06\/IMG_1084-768x1024.jpg 768w, http:\/\/www.kreativschmiede-soller.ch\/wp-content\/uploads\/2021\/06\/IMG_1084-225x300.jpg 225w, http:\/\/www.kreativschmiede-soller.ch\/wp-content\/uploads\/2021\/06\/IMG_1084-600x800.jpg 600w\" sizes=\"(max-width: 768px) 100vw, 768px\" \/><\/figure>\n","protected":false},"excerpt":{"rendered":"<p>Nun ist das rathaus von bischofszell wieder \u00a8komplett\u00a8. Beim t\u00fcrportal fristete ein teil der mechanik des glockenzuges ein dornr\u00f6schenschlaf. Jetzt ist es wachgek\u00fcsst und erklingt [&#8230;]<\/p>\n","protected":false},"author":2,"featured_media":0,"comment_status":"closed","ping_status":"closed","sticky":false,"template":"","format":"standard","meta":[],"categories":[15,1],"tags":[114],"_links":{"self":[{"href":"http:\/\/www.kreativschmiede-soller.ch\/index.php\/wp-json\/wp\/v2\/posts\/2675"}],"collection":[{"href":"http:\/\/www.kreativschmiede-soller.ch\/index.php\/wp-json\/wp\/v2\/posts"}],"about":[{"href":"http:\/\/www.kreativschmiede-soller.ch\/index.php\/wp-json\/wp\/v2\/types\/post"}],"author":[{"embeddable":true,"href":"http:\/\/www.kreativschmiede-soller.ch\/index.php\/wp-json\/wp\/v2\/users\/2"}],"replies":[{"embeddable":true,"href":"http:\/\/www.kreativschmiede-soller.ch\/index.php\/wp-json\/wp\/v2\/comments?post=2675"}],"version-history":[{"count":1,"href":"http:\/\/www.kreativschmiede-soller.ch\/index.php\/wp-json\/wp\/v2\/posts\/2675\/revisions"}],"predecessor-version":[{"id":2676,"href":"http:\/\/www.kreativschmiede-soller.ch\/index.php\/wp-json\/wp\/v2\/posts\/2675\/revisions\/2676"}],"wp:attachment":[{"href":"http:\/\/www.kreativschmiede-soller.ch\/index.php\/wp-json\/wp\/v2\/media?parent=2675"}],"wp:term":[{"taxonomy":"category","embeddable":true,"href":"http:\/\/www.kreativschmiede-soller.ch\/index.php\/wp-json\/wp\/v2\/categories?post=2675"},{"taxonomy":"post_tag","embeddable":true,"href":"http:\/\/www.kreativschmiede-soller.ch\/index.php\/wp-json\/wp\/v2\/tags?post=2675"}],"curies":[{"name":"wp","href":"https:\/\/api.w.org\/{rel}","templated":true}]}}