{"id":2773,"date":"2022-08-19T16:00:12","date_gmt":"2022-08-19T14:00:12","guid":{"rendered":"http:\/\/www.kreativschmiede-soller.ch\/?p=2773"},"modified":"2022-08-19T16:00:12","modified_gmt":"2022-08-19T14:00:12","slug":"tag-der-offenen-tuer-historisches-baumateriallager","status":"publish","type":"post","link":"http:\/\/www.kreativschmiede-soller.ch\/index.php\/2022\/08\/19\/tag-der-offenen-tuer-historisches-baumateriallager\/","title":{"rendered":"tag der offenen t\u00fcr &#8211; historisches baumateriallager"},"content":{"rendered":"\n<p>Samstag 3. &#8211; sonntag 4. september 22 von 9.00 bis 17.00 uhr schmiede ich und zeige arbeiten mit schl\u00f6sser, schl\u00fcssel und beschl\u00e4ge, verwendung alter materialien.<\/p>\n\n\n\n<figure class=\"wp-block-image\"><img decoding=\"async\" loading=\"lazy\" width=\"768\" height=\"1024\" src=\"http:\/\/www.kreativschmiede-soller.ch\/wp-content\/uploads\/2022\/08\/IMG_4395-768x1024.jpg\" alt=\"\" class=\"wp-image-2774\" srcset=\"http:\/\/www.kreativschmiede-soller.ch\/wp-content\/uploads\/2022\/08\/IMG_4395-768x1024.jpg 768w, http:\/\/www.kreativschmiede-soller.ch\/wp-content\/uploads\/2022\/08\/IMG_4395-225x300.jpg 225w, http:\/\/www.kreativschmiede-soller.ch\/wp-content\/uploads\/2022\/08\/IMG_4395-600x800.jpg 600w\" sizes=\"(max-width: 768px) 100vw, 768px\" \/><\/figure>\n","protected":false},"excerpt":{"rendered":"<p>Samstag 3. &#8211; sonntag 4. september 22 von 9.00 bis 17.00 uhr schmiede ich und zeige arbeiten mit schl\u00f6sser, schl\u00fcssel und beschl\u00e4ge, verwendung alter materialien.<\/p>\n","protected":false},"author":2,"featured_media":0,"comment_status":"closed","ping_status":"closed","sticky":false,"template":"","format":"standard","meta":[],"categories":[1,14,3],"tags":[],"_links":{"self":[{"href":"http:\/\/www.kreativschmiede-soller.ch\/index.php\/wp-json\/wp\/v2\/posts\/2773"}],"collection":[{"href":"http:\/\/www.kreativschmiede-soller.ch\/index.php\/wp-json\/wp\/v2\/posts"}],"about":[{"href":"http:\/\/www.kreativschmiede-soller.ch\/index.php\/wp-json\/wp\/v2\/types\/post"}],"author":[{"embeddable":true,"href":"http:\/\/www.kreativschmiede-soller.ch\/index.php\/wp-json\/wp\/v2\/users\/2"}],"replies":[{"embeddable":true,"href":"http:\/\/www.kreativschmiede-soller.ch\/index.php\/wp-json\/wp\/v2\/comments?post=2773"}],"version-history":[{"count":1,"href":"http:\/\/www.kreativschmiede-soller.ch\/index.php\/wp-json\/wp\/v2\/posts\/2773\/revisions"}],"predecessor-version":[{"id":2775,"href":"http:\/\/www.kreativschmiede-soller.ch\/index.php\/wp-json\/wp\/v2\/posts\/2773\/revisions\/2775"}],"wp:attachment":[{"href":"http:\/\/www.kreativschmiede-soller.ch\/index.php\/wp-json\/wp\/v2\/media?parent=2773"}],"wp:term":[{"taxonomy":"category","embeddable":true,"href":"http:\/\/www.kreativschmiede-soller.ch\/index.php\/wp-json\/wp\/v2\/categories?post=2773"},{"taxonomy":"post_tag","embeddable":true,"href":"http:\/\/www.kreativschmiede-soller.ch\/index.php\/wp-json\/wp\/v2\/tags?post=2773"}],"curies":[{"name":"wp","href":"https:\/\/api.w.org\/{rel}","templated":true}]}}