{"id":3237,"date":"2023-10-11T21:58:55","date_gmt":"2023-10-11T19:58:55","guid":{"rendered":"http:\/\/www.kreativschmiede-soller.ch\/?p=3237"},"modified":"2023-10-11T21:58:55","modified_gmt":"2023-10-11T19:58:55","slug":"gallusglocke","status":"publish","type":"post","link":"http:\/\/www.kreativschmiede-soller.ch\/index.php\/2023\/10\/11\/gallusglocke\/","title":{"rendered":"gallusglocke"},"content":{"rendered":"\n<p>\u00c4lteste glocke der schweiz wird nachgebildet.<br>Die \u00e4lteste glocke der schweiz h\u00e4ngt im chorraum der kathedrale st.gallen und stammt aus dem 7. jahrhundert. Ausl\u00f6ser f\u00fcr die nachbildung ist eine anfrage anl\u00e4sslich der landesausstellung 2024 zur \u00a8klosterinsel reichenau. Welterbe des mittelalters\u00a8. &#8230;.und so erhielt ich den spannenden und herausfordernden auftrag.<\/p>\n\n\n\n<figure class=\"wp-block-gallery has-nested-images columns-default is-cropped wp-block-gallery-1 is-layout-flex\">\n<figure class=\"wp-block-image size-large\"><img decoding=\"async\" loading=\"lazy\" width=\"768\" height=\"1024\" data-id=\"3240\"  src=\"http:\/\/www.kreativschmiede-soller.ch\/wp-content\/uploads\/2023\/10\/IMG_7325-768x1024.jpeg\" alt=\"\" class=\"wp-image-3240\" srcset=\"http:\/\/www.kreativschmiede-soller.ch\/wp-content\/uploads\/2023\/10\/IMG_7325-768x1024.jpeg 768w, http:\/\/www.kreativschmiede-soller.ch\/wp-content\/uploads\/2023\/10\/IMG_7325-225x300.jpeg 225w, http:\/\/www.kreativschmiede-soller.ch\/wp-content\/uploads\/2023\/10\/IMG_7325-1152x1536.jpeg 1152w, http:\/\/www.kreativschmiede-soller.ch\/wp-content\/uploads\/2023\/10\/IMG_7325-1536x2048.jpeg 1536w, http:\/\/www.kreativschmiede-soller.ch\/wp-content\/uploads\/2023\/10\/IMG_7325-600x800.jpeg 600w, http:\/\/www.kreativschmiede-soller.ch\/wp-content\/uploads\/2023\/10\/IMG_7325-scaled.jpeg 1920w\" sizes=\"(max-width: 768px) 100vw, 768px\" \/><\/figure>\n\n\n\n<figure class=\"wp-block-image size-large\"><img decoding=\"async\" loading=\"lazy\" width=\"768\" height=\"1024\" data-id=\"3239\"  src=\"http:\/\/www.kreativschmiede-soller.ch\/wp-content\/uploads\/2023\/10\/IMG_7322-768x1024.jpeg\" alt=\"\" class=\"wp-image-3239\" srcset=\"http:\/\/www.kreativschmiede-soller.ch\/wp-content\/uploads\/2023\/10\/IMG_7322-768x1024.jpeg 768w, http:\/\/www.kreativschmiede-soller.ch\/wp-content\/uploads\/2023\/10\/IMG_7322-225x300.jpeg 225w, http:\/\/www.kreativschmiede-soller.ch\/wp-content\/uploads\/2023\/10\/IMG_7322-1152x1536.jpeg 1152w, http:\/\/www.kreativschmiede-soller.ch\/wp-content\/uploads\/2023\/10\/IMG_7322-1536x2048.jpeg 1536w, http:\/\/www.kreativschmiede-soller.ch\/wp-content\/uploads\/2023\/10\/IMG_7322-600x800.jpeg 600w, http:\/\/www.kreativschmiede-soller.ch\/wp-content\/uploads\/2023\/10\/IMG_7322-scaled.jpeg 1920w\" sizes=\"(max-width: 768px) 100vw, 768px\" \/><\/figure>\n\n\n\n<figure class=\"wp-block-image size-large\"><img decoding=\"async\" loading=\"lazy\" width=\"768\" height=\"1024\" data-id=\"3238\"  src=\"http:\/\/www.kreativschmiede-soller.ch\/wp-content\/uploads\/2023\/10\/IMG_7334-768x1024.jpeg\" alt=\"\" class=\"wp-image-3238\" srcset=\"http:\/\/www.kreativschmiede-soller.ch\/wp-content\/uploads\/2023\/10\/IMG_7334-768x1024.jpeg 768w, http:\/\/www.kreativschmiede-soller.ch\/wp-content\/uploads\/2023\/10\/IMG_7334-225x300.jpeg 225w, http:\/\/www.kreativschmiede-soller.ch\/wp-content\/uploads\/2023\/10\/IMG_7334-1152x1536.jpeg 1152w, http:\/\/www.kreativschmiede-soller.ch\/wp-content\/uploads\/2023\/10\/IMG_7334-1536x2048.jpeg 1536w, http:\/\/www.kreativschmiede-soller.ch\/wp-content\/uploads\/2023\/10\/IMG_7334-600x800.jpeg 600w, http:\/\/www.kreativschmiede-soller.ch\/wp-content\/uploads\/2023\/10\/IMG_7334-scaled.jpeg 1920w\" sizes=\"(max-width: 768px) 100vw, 768px\" \/><\/figure>\n<\/figure>\n\n\n\n<p>In einer wissenschaftlichen beschreibung der gallusglocke ist das \u00a8schnittmuster\u00a8 beschrieben. Zuerst fertigte ich ein modell im massstab 1:2 an. <\/p>\n\n\n\n<figure class=\"wp-block-gallery has-nested-images columns-default is-cropped wp-block-gallery-3 is-layout-flex\">\n<figure class=\"wp-block-image size-large\"><img decoding=\"async\" loading=\"lazy\" width=\"768\" height=\"1024\" data-id=\"3241\"  src=\"http:\/\/www.kreativschmiede-soller.ch\/wp-content\/uploads\/2023\/10\/IMG_7380-768x1024.jpeg\" alt=\"\" class=\"wp-image-3241\" srcset=\"http:\/\/www.kreativschmiede-soller.ch\/wp-content\/uploads\/2023\/10\/IMG_7380-768x1024.jpeg 768w, http:\/\/www.kreativschmiede-soller.ch\/wp-content\/uploads\/2023\/10\/IMG_7380-225x300.jpeg 225w, http:\/\/www.kreativschmiede-soller.ch\/wp-content\/uploads\/2023\/10\/IMG_7380-1152x1536.jpeg 1152w, http:\/\/www.kreativschmiede-soller.ch\/wp-content\/uploads\/2023\/10\/IMG_7380-1536x2048.jpeg 1536w, http:\/\/www.kreativschmiede-soller.ch\/wp-content\/uploads\/2023\/10\/IMG_7380-600x800.jpeg 600w, http:\/\/www.kreativschmiede-soller.ch\/wp-content\/uploads\/2023\/10\/IMG_7380-scaled.jpeg 1920w\" sizes=\"(max-width: 768px) 100vw, 768px\" \/><figcaption class=\"wp-element-caption\">schnittmuster<\/figcaption><\/figure>\n\n\n\n<figure class=\"wp-block-image size-large\"><img decoding=\"async\" loading=\"lazy\" width=\"768\" height=\"1024\" data-id=\"3242\"  src=\"http:\/\/www.kreativschmiede-soller.ch\/wp-content\/uploads\/2023\/10\/IMG_7382-768x1024.jpeg\" alt=\"\" class=\"wp-image-3242\" srcset=\"http:\/\/www.kreativschmiede-soller.ch\/wp-content\/uploads\/2023\/10\/IMG_7382-768x1024.jpeg 768w, http:\/\/www.kreativschmiede-soller.ch\/wp-content\/uploads\/2023\/10\/IMG_7382-225x300.jpeg 225w, http:\/\/www.kreativschmiede-soller.ch\/wp-content\/uploads\/2023\/10\/IMG_7382-1152x1536.jpeg 1152w, http:\/\/www.kreativschmiede-soller.ch\/wp-content\/uploads\/2023\/10\/IMG_7382-1536x2048.jpeg 1536w, http:\/\/www.kreativschmiede-soller.ch\/wp-content\/uploads\/2023\/10\/IMG_7382-600x800.jpeg 600w, http:\/\/www.kreativschmiede-soller.ch\/wp-content\/uploads\/2023\/10\/IMG_7382-scaled.jpeg 1920w\" sizes=\"(max-width: 768px) 100vw, 768px\" \/><figcaption class=\"wp-element-caption\">geschmiedet noch ohne halterung<\/figcaption><\/figure>\n\n\n\n<figure class=\"wp-block-image size-large\"><img decoding=\"async\" loading=\"lazy\" width=\"768\" height=\"1024\" data-id=\"3243\"  src=\"http:\/\/www.kreativschmiede-soller.ch\/wp-content\/uploads\/2023\/10\/IMG_7396-768x1024.jpeg\" alt=\"\" class=\"wp-image-3243\" srcset=\"http:\/\/www.kreativschmiede-soller.ch\/wp-content\/uploads\/2023\/10\/IMG_7396-768x1024.jpeg 768w, http:\/\/www.kreativschmiede-soller.ch\/wp-content\/uploads\/2023\/10\/IMG_7396-225x300.jpeg 225w, http:\/\/www.kreativschmiede-soller.ch\/wp-content\/uploads\/2023\/10\/IMG_7396-1152x1536.jpeg 1152w, http:\/\/www.kreativschmiede-soller.ch\/wp-content\/uploads\/2023\/10\/IMG_7396-1536x2048.jpeg 1536w, http:\/\/www.kreativschmiede-soller.ch\/wp-content\/uploads\/2023\/10\/IMG_7396-600x800.jpeg 600w, http:\/\/www.kreativschmiede-soller.ch\/wp-content\/uploads\/2023\/10\/IMG_7396-scaled.jpeg 1920w\" sizes=\"(max-width: 768px) 100vw, 768px\" \/><figcaption class=\"wp-element-caption\">feuerl\u00f6ten<\/figcaption><\/figure>\n\n\n\n<figure class=\"wp-block-image size-large\"><img decoding=\"async\" loading=\"lazy\" width=\"768\" height=\"1024\" data-id=\"3246\"  src=\"http:\/\/www.kreativschmiede-soller.ch\/wp-content\/uploads\/2023\/10\/IMG_7399-768x1024.jpeg\" alt=\"\" class=\"wp-image-3246\" srcset=\"http:\/\/www.kreativschmiede-soller.ch\/wp-content\/uploads\/2023\/10\/IMG_7399-768x1024.jpeg 768w, http:\/\/www.kreativschmiede-soller.ch\/wp-content\/uploads\/2023\/10\/IMG_7399-225x300.jpeg 225w, http:\/\/www.kreativschmiede-soller.ch\/wp-content\/uploads\/2023\/10\/IMG_7399-1152x1536.jpeg 1152w, http:\/\/www.kreativschmiede-soller.ch\/wp-content\/uploads\/2023\/10\/IMG_7399-1536x2048.jpeg 1536w, http:\/\/www.kreativschmiede-soller.ch\/wp-content\/uploads\/2023\/10\/IMG_7399-600x800.jpeg 600w, http:\/\/www.kreativschmiede-soller.ch\/wp-content\/uploads\/2023\/10\/IMG_7399-scaled.jpeg 1920w\" sizes=\"(max-width: 768px) 100vw, 768px\" \/><figcaption class=\"wp-element-caption\">feuerl\u00f6ten<\/figcaption><\/figure>\n\n\n\n<figure class=\"wp-block-image size-large\"><img decoding=\"async\" loading=\"lazy\" width=\"768\" height=\"1024\" data-id=\"3247\"  src=\"http:\/\/www.kreativschmiede-soller.ch\/wp-content\/uploads\/2023\/10\/IMG_7401-768x1024.jpeg\" alt=\"\" class=\"wp-image-3247\" srcset=\"http:\/\/www.kreativschmiede-soller.ch\/wp-content\/uploads\/2023\/10\/IMG_7401-768x1024.jpeg 768w, http:\/\/www.kreativschmiede-soller.ch\/wp-content\/uploads\/2023\/10\/IMG_7401-225x300.jpeg 225w, http:\/\/www.kreativschmiede-soller.ch\/wp-content\/uploads\/2023\/10\/IMG_7401-1152x1536.jpeg 1152w, http:\/\/www.kreativschmiede-soller.ch\/wp-content\/uploads\/2023\/10\/IMG_7401-1536x2048.jpeg 1536w, http:\/\/www.kreativschmiede-soller.ch\/wp-content\/uploads\/2023\/10\/IMG_7401-600x800.jpeg 600w, http:\/\/www.kreativschmiede-soller.ch\/wp-content\/uploads\/2023\/10\/IMG_7401-scaled.jpeg 1920w\" sizes=\"(max-width: 768px) 100vw, 768px\" \/><figcaption class=\"wp-element-caption\">gel\u00f6tet<\/figcaption><\/figure>\n<\/figure>\n\n\n\n<p>Die gallusglocke (resp. schelle) wird geschmiedet, sie ist ca. 33cm hoch.<\/p>\n\n\n\n<figure class=\"wp-block-gallery has-nested-images columns-default is-cropped wp-block-gallery-5 is-layout-flex\">\n<figure class=\"wp-block-image size-large\"><img decoding=\"async\" loading=\"lazy\" width=\"768\" height=\"1024\" data-id=\"3248\"  src=\"http:\/\/www.kreativschmiede-soller.ch\/wp-content\/uploads\/2023\/10\/IMG_7567-768x1024.jpeg\" alt=\"\" class=\"wp-image-3248\" srcset=\"http:\/\/www.kreativschmiede-soller.ch\/wp-content\/uploads\/2023\/10\/IMG_7567-768x1024.jpeg 768w, http:\/\/www.kreativschmiede-soller.ch\/wp-content\/uploads\/2023\/10\/IMG_7567-225x300.jpeg 225w, http:\/\/www.kreativschmiede-soller.ch\/wp-content\/uploads\/2023\/10\/IMG_7567-1152x1536.jpeg 1152w, http:\/\/www.kreativschmiede-soller.ch\/wp-content\/uploads\/2023\/10\/IMG_7567-1536x2048.jpeg 1536w, http:\/\/www.kreativschmiede-soller.ch\/wp-content\/uploads\/2023\/10\/IMG_7567-600x800.jpeg 600w, http:\/\/www.kreativschmiede-soller.ch\/wp-content\/uploads\/2023\/10\/IMG_7567-scaled.jpeg 1920w\" sizes=\"(max-width: 768px) 100vw, 768px\" \/><figcaption class=\"wp-element-caption\">ausgangslage<\/figcaption><\/figure>\n\n\n\n<figure class=\"wp-block-image size-large\"><img decoding=\"async\" loading=\"lazy\" width=\"768\" height=\"1024\" data-id=\"3249\"  src=\"http:\/\/www.kreativschmiede-soller.ch\/wp-content\/uploads\/2023\/10\/IMG_7569-768x1024.jpeg\" alt=\"\" class=\"wp-image-3249\" srcset=\"http:\/\/www.kreativschmiede-soller.ch\/wp-content\/uploads\/2023\/10\/IMG_7569-768x1024.jpeg 768w, http:\/\/www.kreativschmiede-soller.ch\/wp-content\/uploads\/2023\/10\/IMG_7569-225x300.jpeg 225w, http:\/\/www.kreativschmiede-soller.ch\/wp-content\/uploads\/2023\/10\/IMG_7569-1152x1536.jpeg 1152w, http:\/\/www.kreativschmiede-soller.ch\/wp-content\/uploads\/2023\/10\/IMG_7569-1536x2048.jpeg 1536w, http:\/\/www.kreativschmiede-soller.ch\/wp-content\/uploads\/2023\/10\/IMG_7569-600x800.jpeg 600w, http:\/\/www.kreativschmiede-soller.ch\/wp-content\/uploads\/2023\/10\/IMG_7569-scaled.jpeg 1920w\" sizes=\"(max-width: 768px) 100vw, 768px\" \/><figcaption class=\"wp-element-caption\">schmieden der form<\/figcaption><\/figure>\n\n\n\n<figure class=\"wp-block-image size-large\"><img decoding=\"async\" loading=\"lazy\" width=\"768\" height=\"1024\" data-id=\"3250\"  src=\"http:\/\/www.kreativschmiede-soller.ch\/wp-content\/uploads\/2023\/10\/IMG_7570-768x1024.jpeg\" alt=\"\" class=\"wp-image-3250\" srcset=\"http:\/\/www.kreativschmiede-soller.ch\/wp-content\/uploads\/2023\/10\/IMG_7570-768x1024.jpeg 768w, http:\/\/www.kreativschmiede-soller.ch\/wp-content\/uploads\/2023\/10\/IMG_7570-225x300.jpeg 225w, http:\/\/www.kreativschmiede-soller.ch\/wp-content\/uploads\/2023\/10\/IMG_7570-1152x1536.jpeg 1152w, http:\/\/www.kreativschmiede-soller.ch\/wp-content\/uploads\/2023\/10\/IMG_7570-1536x2048.jpeg 1536w, http:\/\/www.kreativschmiede-soller.ch\/wp-content\/uploads\/2023\/10\/IMG_7570-600x800.jpeg 600w, http:\/\/www.kreativschmiede-soller.ch\/wp-content\/uploads\/2023\/10\/IMG_7570-scaled.jpeg 1920w\" sizes=\"(max-width: 768px) 100vw, 768px\" \/><\/figure>\n\n\n\n<figure class=\"wp-block-image size-large\"><img decoding=\"async\" loading=\"lazy\" width=\"1024\" height=\"768\" data-id=\"3251\"  src=\"http:\/\/www.kreativschmiede-soller.ch\/wp-content\/uploads\/2023\/10\/IMG_7575-1024x768.jpeg\" alt=\"\" class=\"wp-image-3251\" srcset=\"http:\/\/www.kreativschmiede-soller.ch\/wp-content\/uploads\/2023\/10\/IMG_7575-1024x768.jpeg 1024w, http:\/\/www.kreativschmiede-soller.ch\/wp-content\/uploads\/2023\/10\/IMG_7575-300x225.jpeg 300w, http:\/\/www.kreativschmiede-soller.ch\/wp-content\/uploads\/2023\/10\/IMG_7575-768x576.jpeg 768w, http:\/\/www.kreativschmiede-soller.ch\/wp-content\/uploads\/2023\/10\/IMG_7575-1536x1152.jpeg 1536w, http:\/\/www.kreativschmiede-soller.ch\/wp-content\/uploads\/2023\/10\/IMG_7575-2048x1536.jpeg 2048w, http:\/\/www.kreativschmiede-soller.ch\/wp-content\/uploads\/2023\/10\/IMG_7575-600x450.jpeg 600w\" sizes=\"(max-width: 1024px) 100vw, 1024px\" \/><figcaption class=\"wp-element-caption\">zusammenklappen<\/figcaption><\/figure>\n\n\n\n<figure class=\"wp-block-image size-large\"><img decoding=\"async\" loading=\"lazy\" width=\"768\" height=\"1024\" data-id=\"3252\"  src=\"http:\/\/www.kreativschmiede-soller.ch\/wp-content\/uploads\/2023\/10\/IMG_7578-768x1024.jpeg\" alt=\"\" class=\"wp-image-3252\" srcset=\"http:\/\/www.kreativschmiede-soller.ch\/wp-content\/uploads\/2023\/10\/IMG_7578-768x1024.jpeg 768w, http:\/\/www.kreativschmiede-soller.ch\/wp-content\/uploads\/2023\/10\/IMG_7578-225x300.jpeg 225w, http:\/\/www.kreativschmiede-soller.ch\/wp-content\/uploads\/2023\/10\/IMG_7578-1152x1536.jpeg 1152w, http:\/\/www.kreativschmiede-soller.ch\/wp-content\/uploads\/2023\/10\/IMG_7578-1536x2048.jpeg 1536w, http:\/\/www.kreativschmiede-soller.ch\/wp-content\/uploads\/2023\/10\/IMG_7578-600x800.jpeg 600w, http:\/\/www.kreativschmiede-soller.ch\/wp-content\/uploads\/2023\/10\/IMG_7578-scaled.jpeg 1920w\" sizes=\"(max-width: 768px) 100vw, 768px\" \/><figcaption class=\"wp-element-caption\">formen<\/figcaption><\/figure>\n\n\n\n<figure class=\"wp-block-image size-large\"><img decoding=\"async\" loading=\"lazy\" width=\"768\" height=\"1024\" data-id=\"3253\"  src=\"http:\/\/www.kreativschmiede-soller.ch\/wp-content\/uploads\/2023\/10\/IMG_7637-768x1024.jpeg\" alt=\"\" class=\"wp-image-3253\" srcset=\"http:\/\/www.kreativschmiede-soller.ch\/wp-content\/uploads\/2023\/10\/IMG_7637-768x1024.jpeg 768w, http:\/\/www.kreativschmiede-soller.ch\/wp-content\/uploads\/2023\/10\/IMG_7637-225x300.jpeg 225w, http:\/\/www.kreativschmiede-soller.ch\/wp-content\/uploads\/2023\/10\/IMG_7637-1152x1536.jpeg 1152w, http:\/\/www.kreativschmiede-soller.ch\/wp-content\/uploads\/2023\/10\/IMG_7637-1536x2048.jpeg 1536w, http:\/\/www.kreativschmiede-soller.ch\/wp-content\/uploads\/2023\/10\/IMG_7637-600x800.jpeg 600w, http:\/\/www.kreativschmiede-soller.ch\/wp-content\/uploads\/2023\/10\/IMG_7637-scaled.jpeg 1920w\" sizes=\"(max-width: 768px) 100vw, 768px\" \/><figcaption class=\"wp-element-caption\">bereit zum feuerl\u00f6ten<\/figcaption><\/figure>\n<\/figure>\n\n\n\n<p>Feuerl\u00f6ten und fertigstellen. Das holz wurde mit kaseinfarbe bei hanspeter strang, restaurator in wil, gestrichen. <\/p>\n\n\n\n<figure class=\"wp-block-gallery has-nested-images columns-default is-cropped wp-block-gallery-7 is-layout-flex\">\n<figure class=\"wp-block-image size-large\"><img decoding=\"async\" loading=\"lazy\" width=\"768\" height=\"1024\" data-id=\"3257\"  src=\"http:\/\/www.kreativschmiede-soller.ch\/wp-content\/uploads\/2023\/10\/IMG_8247-768x1024.jpeg\" alt=\"\" class=\"wp-image-3257\" srcset=\"http:\/\/www.kreativschmiede-soller.ch\/wp-content\/uploads\/2023\/10\/IMG_8247-768x1024.jpeg 768w, http:\/\/www.kreativschmiede-soller.ch\/wp-content\/uploads\/2023\/10\/IMG_8247-225x300.jpeg 225w, http:\/\/www.kreativschmiede-soller.ch\/wp-content\/uploads\/2023\/10\/IMG_8247-1152x1536.jpeg 1152w, http:\/\/www.kreativschmiede-soller.ch\/wp-content\/uploads\/2023\/10\/IMG_8247-1536x2048.jpeg 1536w, http:\/\/www.kreativschmiede-soller.ch\/wp-content\/uploads\/2023\/10\/IMG_8247-600x800.jpeg 600w, http:\/\/www.kreativschmiede-soller.ch\/wp-content\/uploads\/2023\/10\/IMG_8247-scaled.jpeg 1920w\" sizes=\"(max-width: 768px) 100vw, 768px\" \/><figcaption class=\"wp-element-caption\">Borax und kupfer<\/figcaption><\/figure>\n\n\n\n<figure class=\"wp-block-image size-large\"><img decoding=\"async\" loading=\"lazy\" width=\"768\" height=\"1024\" data-id=\"3256\"  src=\"http:\/\/www.kreativschmiede-soller.ch\/wp-content\/uploads\/2023\/10\/IMG_8243-768x1024.jpeg\" alt=\"\" class=\"wp-image-3256\" srcset=\"http:\/\/www.kreativschmiede-soller.ch\/wp-content\/uploads\/2023\/10\/IMG_8243-768x1024.jpeg 768w, http:\/\/www.kreativschmiede-soller.ch\/wp-content\/uploads\/2023\/10\/IMG_8243-225x300.jpeg 225w, http:\/\/www.kreativschmiede-soller.ch\/wp-content\/uploads\/2023\/10\/IMG_8243-1152x1536.jpeg 1152w, http:\/\/www.kreativschmiede-soller.ch\/wp-content\/uploads\/2023\/10\/IMG_8243-1536x2048.jpeg 1536w, http:\/\/www.kreativschmiede-soller.ch\/wp-content\/uploads\/2023\/10\/IMG_8243-600x800.jpeg 600w, http:\/\/www.kreativschmiede-soller.ch\/wp-content\/uploads\/2023\/10\/IMG_8243-scaled.jpeg 1920w\" sizes=\"(max-width: 768px) 100vw, 768px\" \/><\/figure>\n\n\n\n<figure class=\"wp-block-image size-large\"><img decoding=\"async\" loading=\"lazy\" width=\"768\" height=\"1024\" data-id=\"3255\"  src=\"http:\/\/www.kreativschmiede-soller.ch\/wp-content\/uploads\/2023\/10\/IMG_8253-768x1024.jpeg\" alt=\"\" class=\"wp-image-3255\" srcset=\"http:\/\/www.kreativschmiede-soller.ch\/wp-content\/uploads\/2023\/10\/IMG_8253-768x1024.jpeg 768w, http:\/\/www.kreativschmiede-soller.ch\/wp-content\/uploads\/2023\/10\/IMG_8253-225x300.jpeg 225w, http:\/\/www.kreativschmiede-soller.ch\/wp-content\/uploads\/2023\/10\/IMG_8253-1152x1536.jpeg 1152w, http:\/\/www.kreativschmiede-soller.ch\/wp-content\/uploads\/2023\/10\/IMG_8253-1536x2048.jpeg 1536w, http:\/\/www.kreativschmiede-soller.ch\/wp-content\/uploads\/2023\/10\/IMG_8253-600x800.jpeg 600w, http:\/\/www.kreativschmiede-soller.ch\/wp-content\/uploads\/2023\/10\/IMG_8253-scaled.jpeg 1920w\" sizes=\"(max-width: 768px) 100vw, 768px\" \/><figcaption class=\"wp-element-caption\">abschrecken<\/figcaption><\/figure>\n\n\n\n<figure class=\"wp-block-image size-large\"><img decoding=\"async\" loading=\"lazy\" width=\"768\" height=\"1024\" data-id=\"3254\"  src=\"http:\/\/www.kreativschmiede-soller.ch\/wp-content\/uploads\/2023\/10\/IMG_8246-768x1024.jpeg\" alt=\"\" class=\"wp-image-3254\" srcset=\"http:\/\/www.kreativschmiede-soller.ch\/wp-content\/uploads\/2023\/10\/IMG_8246-768x1024.jpeg 768w, http:\/\/www.kreativschmiede-soller.ch\/wp-content\/uploads\/2023\/10\/IMG_8246-225x300.jpeg 225w, http:\/\/www.kreativschmiede-soller.ch\/wp-content\/uploads\/2023\/10\/IMG_8246-1152x1536.jpeg 1152w, http:\/\/www.kreativschmiede-soller.ch\/wp-content\/uploads\/2023\/10\/IMG_8246-1536x2048.jpeg 1536w, http:\/\/www.kreativschmiede-soller.ch\/wp-content\/uploads\/2023\/10\/IMG_8246-600x800.jpeg 600w, http:\/\/www.kreativschmiede-soller.ch\/wp-content\/uploads\/2023\/10\/IMG_8246-scaled.jpeg 1920w\" sizes=\"(max-width: 768px) 100vw, 768px\" \/><figcaption class=\"wp-element-caption\">das kupfer fliesst<\/figcaption><\/figure>\n\n\n\n<figure class=\"wp-block-image size-large\"><img decoding=\"async\" loading=\"lazy\" width=\"768\" height=\"1024\" data-id=\"3261\"  src=\"http:\/\/www.kreativschmiede-soller.ch\/wp-content\/uploads\/2023\/10\/IMG_8255-768x1024.jpeg\" alt=\"\" class=\"wp-image-3261\" srcset=\"http:\/\/www.kreativschmiede-soller.ch\/wp-content\/uploads\/2023\/10\/IMG_8255-768x1024.jpeg 768w, http:\/\/www.kreativschmiede-soller.ch\/wp-content\/uploads\/2023\/10\/IMG_8255-225x300.jpeg 225w, http:\/\/www.kreativschmiede-soller.ch\/wp-content\/uploads\/2023\/10\/IMG_8255-1152x1536.jpeg 1152w, http:\/\/www.kreativschmiede-soller.ch\/wp-content\/uploads\/2023\/10\/IMG_8255-1536x2048.jpeg 1536w, http:\/\/www.kreativschmiede-soller.ch\/wp-content\/uploads\/2023\/10\/IMG_8255-600x800.jpeg 600w, http:\/\/www.kreativschmiede-soller.ch\/wp-content\/uploads\/2023\/10\/IMG_8255-scaled.jpeg 1920w\" sizes=\"(max-width: 768px) 100vw, 768px\" \/><\/figure>\n\n\n\n<figure class=\"wp-block-image size-large\"><img decoding=\"async\" loading=\"lazy\" width=\"768\" height=\"1024\" data-id=\"3258\"  src=\"http:\/\/www.kreativschmiede-soller.ch\/wp-content\/uploads\/2023\/10\/IMG_8384-768x1024.jpeg\" alt=\"\" class=\"wp-image-3258\" srcset=\"http:\/\/www.kreativschmiede-soller.ch\/wp-content\/uploads\/2023\/10\/IMG_8384-768x1024.jpeg 768w, http:\/\/www.kreativschmiede-soller.ch\/wp-content\/uploads\/2023\/10\/IMG_8384-225x300.jpeg 225w, http:\/\/www.kreativschmiede-soller.ch\/wp-content\/uploads\/2023\/10\/IMG_8384-1152x1536.jpeg 1152w, http:\/\/www.kreativschmiede-soller.ch\/wp-content\/uploads\/2023\/10\/IMG_8384-1536x2048.jpeg 1536w, http:\/\/www.kreativschmiede-soller.ch\/wp-content\/uploads\/2023\/10\/IMG_8384-600x800.jpeg 600w, http:\/\/www.kreativschmiede-soller.ch\/wp-content\/uploads\/2023\/10\/IMG_8384-scaled.jpeg 1920w\" sizes=\"(max-width: 768px) 100vw, 768px\" \/><figcaption class=\"wp-element-caption\">hanspeter strang werkstatt<\/figcaption><\/figure>\n\n\n\n<figure class=\"wp-block-image size-large\"><img decoding=\"async\" loading=\"lazy\" width=\"768\" height=\"1024\" data-id=\"3260\"  src=\"http:\/\/www.kreativschmiede-soller.ch\/wp-content\/uploads\/2023\/10\/IMG_8398-768x1024.jpeg\" alt=\"\" class=\"wp-image-3260\" srcset=\"http:\/\/www.kreativschmiede-soller.ch\/wp-content\/uploads\/2023\/10\/IMG_8398-768x1024.jpeg 768w, http:\/\/www.kreativschmiede-soller.ch\/wp-content\/uploads\/2023\/10\/IMG_8398-225x300.jpeg 225w, http:\/\/www.kreativschmiede-soller.ch\/wp-content\/uploads\/2023\/10\/IMG_8398-1152x1536.jpeg 1152w, http:\/\/www.kreativschmiede-soller.ch\/wp-content\/uploads\/2023\/10\/IMG_8398-1536x2048.jpeg 1536w, http:\/\/www.kreativschmiede-soller.ch\/wp-content\/uploads\/2023\/10\/IMG_8398-600x800.jpeg 600w, http:\/\/www.kreativschmiede-soller.ch\/wp-content\/uploads\/2023\/10\/IMG_8398-scaled.jpeg 1920w\" sizes=\"(max-width: 768px) 100vw, 768px\" \/><figcaption class=\"wp-element-caption\">gallusglocke neu<\/figcaption><\/figure>\n\n\n\n<figure class=\"wp-block-image size-large\"><img decoding=\"async\" loading=\"lazy\" width=\"768\" height=\"1024\" data-id=\"3259\"  src=\"http:\/\/www.kreativschmiede-soller.ch\/wp-content\/uploads\/2023\/10\/IMG_8397-768x1024.jpeg\" alt=\"\" class=\"wp-image-3259\" srcset=\"http:\/\/www.kreativschmiede-soller.ch\/wp-content\/uploads\/2023\/10\/IMG_8397-768x1024.jpeg 768w, http:\/\/www.kreativschmiede-soller.ch\/wp-content\/uploads\/2023\/10\/IMG_8397-225x300.jpeg 225w, http:\/\/www.kreativschmiede-soller.ch\/wp-content\/uploads\/2023\/10\/IMG_8397-1152x1536.jpeg 1152w, http:\/\/www.kreativschmiede-soller.ch\/wp-content\/uploads\/2023\/10\/IMG_8397-1536x2048.jpeg 1536w, http:\/\/www.kreativschmiede-soller.ch\/wp-content\/uploads\/2023\/10\/IMG_8397-600x800.jpeg 600w, http:\/\/www.kreativschmiede-soller.ch\/wp-content\/uploads\/2023\/10\/IMG_8397-scaled.jpeg 1920w\" sizes=\"(max-width: 768px) 100vw, 768px\" \/><figcaption class=\"wp-element-caption\">joch<\/figcaption><\/figure>\n<\/figure>\n\n\n\n<p>&#8230;und zu guter letzt die beitr\u00e4ge in der presse und im regional-tv:<br><a rel=\"noreferrer noopener\" href=\"https:\/\/stgallen24.ch\/articles\/210425-aelteste-glocke-der-schweiz-wird-nachgebildet\" target=\"_blank\">St.galle<\/a><a rel=\"noreferrer noopener\" href=\"https:\/\/stgallen24.ch\/articles\/210425-aelteste-glocke-der-schweiz-wird-nachgebildet\" target=\"_blank\">n<\/a><a rel=\"noreferrer noopener\" href=\"https:\/\/stgallen24.ch\/articles\/210425-aelteste-glocke-der-schweiz-wird-nachgebildet\" target=\"_blank\">2<\/a><a rel=\"noreferrer noopener\" href=\"https:\/\/stgallen24.ch\/articles\/210425-aelteste-glocke-der-schweiz-wird-nachgebildet\" target=\"_blank\">4<\/a><br><a rel=\"noreferrer noopener\" href=\"https:\/\/youtu.be\/V89Z3sYlFiI\" target=\"_blank\">tvO<\/a><br><a rel=\"noreferrer noopener\" href=\"https:\/\/www.toponline.ch\/tele-top\/detail\/news\/thurgauer-schmid-kopiert-die-aelteste-schweizer-glocke-00222613\/\" target=\"_blank\">teletop<\/a><\/p>\n","protected":false},"excerpt":{"rendered":"<p>\u00c4lteste glocke der schweiz wird nachgebildet.Die \u00e4lteste glocke der schweiz h\u00e4ngt im chorraum der kathedrale st.gallen und stammt aus dem 7. jahrhundert. Ausl\u00f6ser f\u00fcr die [&#8230;]<\/p>\n","protected":false},"author":2,"featured_media":3238,"comment_status":"closed","ping_status":"closed","sticky":false,"template":"","format":"standard","meta":[],"categories":[1,29],"tags":[],"_links":{"self":[{"href":"http:\/\/www.kreativschmiede-soller.ch\/index.php\/wp-json\/wp\/v2\/posts\/3237"}],"collection":[{"href":"http:\/\/www.kreativschmiede-soller.ch\/index.php\/wp-json\/wp\/v2\/posts"}],"about":[{"href":"http:\/\/www.kreativschmiede-soller.ch\/index.php\/wp-json\/wp\/v2\/types\/post"}],"author":[{"embeddable":true,"href":"http:\/\/www.kreativschmiede-soller.ch\/index.php\/wp-json\/wp\/v2\/users\/2"}],"replies":[{"embeddable":true,"href":"http:\/\/www.kreativschmiede-soller.ch\/index.php\/wp-json\/wp\/v2\/comments?post=3237"}],"version-history":[{"count":2,"href":"http:\/\/www.kreativschmiede-soller.ch\/index.php\/wp-json\/wp\/v2\/posts\/3237\/revisions"}],"predecessor-version":[{"id":3263,"href":"http:\/\/www.kreativschmiede-soller.ch\/index.php\/wp-json\/wp\/v2\/posts\/3237\/revisions\/3263"}],"wp:featuredmedia":[{"embeddable":true,"href":"http:\/\/www.kreativschmiede-soller.ch\/index.php\/wp-json\/wp\/v2\/media\/3238"}],"wp:attachment":[{"href":"http:\/\/www.kreativschmiede-soller.ch\/index.php\/wp-json\/wp\/v2\/media?parent=3237"}],"wp:term":[{"taxonomy":"category","embeddable":true,"href":"http:\/\/www.kreativschmiede-soller.ch\/index.php\/wp-json\/wp\/v2\/categories?post=3237"},{"taxonomy":"post_tag","embeddable":true,"href":"http:\/\/www.kreativschmiede-soller.ch\/index.php\/wp-json\/wp\/v2\/tags?post=3237"}],"curies":[{"name":"wp","href":"https:\/\/api.w.org\/{rel}","templated":true}]}}