{"id":5442,"date":"2025-08-12T09:27:34","date_gmt":"2025-08-12T07:27:34","guid":{"rendered":"http:\/\/www.kreativschmiede-soller.ch\/?p=5442"},"modified":"2025-08-12T09:27:34","modified_gmt":"2025-08-12T07:27:34","slug":"gartenzaun","status":"publish","type":"post","link":"http:\/\/www.kreativschmiede-soller.ch\/index.php\/2025\/08\/12\/gartenzaun\/","title":{"rendered":"gartenzaun"},"content":{"rendered":"\n<p>Florale elemente zieren den gartenzaun. Im fr\u00fchjahr werden dann noch zus\u00e4tzlich zwei b\u00e4nder mit weiden eingeflochten.<\/p>\n\n\n\n<figure class=\"wp-block-gallery has-nested-images columns-default is-cropped wp-block-gallery-1 is-layout-flex\">\n<figure class=\"wp-block-image size-large\"><img decoding=\"async\" loading=\"lazy\" width=\"768\" height=\"1024\" data-id=\"5424\"  src=\"http:\/\/www.kreativschmiede-soller.ch\/wp-content\/uploads\/2025\/08\/IMG_3582-768x1024.jpeg\" alt=\"\" class=\"wp-image-5424\" srcset=\"http:\/\/www.kreativschmiede-soller.ch\/wp-content\/uploads\/2025\/08\/IMG_3582-768x1024.jpeg 768w, http:\/\/www.kreativschmiede-soller.ch\/wp-content\/uploads\/2025\/08\/IMG_3582-225x300.jpeg 225w, http:\/\/www.kreativschmiede-soller.ch\/wp-content\/uploads\/2025\/08\/IMG_3582-1152x1536.jpeg 1152w, http:\/\/www.kreativschmiede-soller.ch\/wp-content\/uploads\/2025\/08\/IMG_3582-1536x2048.jpeg 1536w, http:\/\/www.kreativschmiede-soller.ch\/wp-content\/uploads\/2025\/08\/IMG_3582-600x800.jpeg 600w, http:\/\/www.kreativschmiede-soller.ch\/wp-content\/uploads\/2025\/08\/IMG_3582-scaled.jpeg 1920w\" sizes=\"(max-width: 768px) 100vw, 768px\" \/><\/figure>\n\n\n\n<figure class=\"wp-block-image size-large\"><img decoding=\"async\" loading=\"lazy\" width=\"768\" height=\"1024\" data-id=\"5422\"  src=\"http:\/\/www.kreativschmiede-soller.ch\/wp-content\/uploads\/2025\/08\/IMG_3580-768x1024.jpeg\" alt=\"\" class=\"wp-image-5422\" srcset=\"http:\/\/www.kreativschmiede-soller.ch\/wp-content\/uploads\/2025\/08\/IMG_3580-768x1024.jpeg 768w, http:\/\/www.kreativschmiede-soller.ch\/wp-content\/uploads\/2025\/08\/IMG_3580-225x300.jpeg 225w, http:\/\/www.kreativschmiede-soller.ch\/wp-content\/uploads\/2025\/08\/IMG_3580-1152x1536.jpeg 1152w, http:\/\/www.kreativschmiede-soller.ch\/wp-content\/uploads\/2025\/08\/IMG_3580-1536x2048.jpeg 1536w, http:\/\/www.kreativschmiede-soller.ch\/wp-content\/uploads\/2025\/08\/IMG_3580-600x800.jpeg 600w, http:\/\/www.kreativschmiede-soller.ch\/wp-content\/uploads\/2025\/08\/IMG_3580-scaled.jpeg 1920w\" sizes=\"(max-width: 768px) 100vw, 768px\" \/><\/figure>\n<\/figure>\n","protected":false},"excerpt":{"rendered":"<p>Florale elemente zieren den gartenzaun. Im fr\u00fchjahr werden dann noch zus\u00e4tzlich zwei b\u00e4nder mit weiden eingeflochten.<\/p>\n","protected":false},"author":2,"featured_media":5424,"comment_status":"closed","ping_status":"closed","sticky":false,"template":"","format":"standard","meta":[],"categories":[15,1],"tags":[],"_links":{"self":[{"href":"http:\/\/www.kreativschmiede-soller.ch\/index.php\/wp-json\/wp\/v2\/posts\/5442"}],"collection":[{"href":"http:\/\/www.kreativschmiede-soller.ch\/index.php\/wp-json\/wp\/v2\/posts"}],"about":[{"href":"http:\/\/www.kreativschmiede-soller.ch\/index.php\/wp-json\/wp\/v2\/types\/post"}],"author":[{"embeddable":true,"href":"http:\/\/www.kreativschmiede-soller.ch\/index.php\/wp-json\/wp\/v2\/users\/2"}],"replies":[{"embeddable":true,"href":"http:\/\/www.kreativschmiede-soller.ch\/index.php\/wp-json\/wp\/v2\/comments?post=5442"}],"version-history":[{"count":1,"href":"http:\/\/www.kreativschmiede-soller.ch\/index.php\/wp-json\/wp\/v2\/posts\/5442\/revisions"}],"predecessor-version":[{"id":5443,"href":"http:\/\/www.kreativschmiede-soller.ch\/index.php\/wp-json\/wp\/v2\/posts\/5442\/revisions\/5443"}],"wp:featuredmedia":[{"embeddable":true,"href":"http:\/\/www.kreativschmiede-soller.ch\/index.php\/wp-json\/wp\/v2\/media\/5424"}],"wp:attachment":[{"href":"http:\/\/www.kreativschmiede-soller.ch\/index.php\/wp-json\/wp\/v2\/media?parent=5442"}],"wp:term":[{"taxonomy":"category","embeddable":true,"href":"http:\/\/www.kreativschmiede-soller.ch\/index.php\/wp-json\/wp\/v2\/categories?post=5442"},{"taxonomy":"post_tag","embeddable":true,"href":"http:\/\/www.kreativschmiede-soller.ch\/index.php\/wp-json\/wp\/v2\/tags?post=5442"}],"curies":[{"name":"wp","href":"https:\/\/api.w.org\/{rel}","templated":true}]}}