{"id":138,"date":"2011-09-09T20:05:07","date_gmt":"2011-09-09T18:05:07","guid":{"rendered":"http:\/\/www.kreativschmiede-soller.ch\/con\/blog\/?p=114"},"modified":"2016-02-10T20:34:01","modified_gmt":"2016-02-10T19:34:01","slug":"erkenntnis","status":"publish","type":"post","link":"https:\/\/www.kreativschmiede-soller.ch\/index.php\/2011\/09\/09\/erkenntnis\/","title":{"rendered":"Erkenntnis"},"content":{"rendered":"<p><a href=\"http:\/\/www.kreativschmiede-soller.ch\/con\/blog\/wp-content\/uploads\/Erkenntnis_200.jpg\"><img decoding=\"async\" loading=\"lazy\" class=\"alignleft size-medium wp-image-115\" title=\"Erkenntnis_200\" src=\"http:\/\/www.kreativschmiede-soller.ch\/con\/blog\/wp-content\/uploads\/Erkenntnis_200-92x300.jpg\" alt=\"\" width=\"92\" height=\"300\" \/><\/a>Ein Team der betrieblichen Fortbildung setzten ihr Thema \u00a8Erkenntnis\u00a8vom Teamtag kreativ um. Sie brachten ihre Skizzen, Gedankensammlungen auf Flipcharts mit. Nach einem Ideensturm entwickelte sich ein Bild, skizzierten es mit Kreide auf den Konstruktionstisch, krempelten die \u00c4rmel hoch und bald t\u00f6nte der Amboss im Gleichklang&#8230;. Mit m\u00fcden Armen, schwarzen H\u00e4nden und strahlenden Gesichter standen sie vor ihrer gelungenen Umsetzung \u00a8Erkenntnis\u00a8 &#8211;\u00a0 Erkenntnis ist greifbar.<\/p>\n","protected":false},"excerpt":{"rendered":"<p>Ein Team der betrieblichen Fortbildung setzten ihr Thema \u00a8Erkenntnis\u00a8vom Teamtag kreativ um. Sie brachten ihre Skizzen, Gedankensammlungen auf Flipcharts mit. Nach einem Ideensturm entwickelte sich [&#8230;]<\/p>\n","protected":false},"author":2,"featured_media":0,"comment_status":"closed","ping_status":"closed","sticky":false,"template":"","format":"standard","meta":[],"categories":[1],"tags":[],"_links":{"self":[{"href":"https:\/\/www.kreativschmiede-soller.ch\/index.php\/wp-json\/wp\/v2\/posts\/138"}],"collection":[{"href":"https:\/\/www.kreativschmiede-soller.ch\/index.php\/wp-json\/wp\/v2\/posts"}],"about":[{"href":"https:\/\/www.kreativschmiede-soller.ch\/index.php\/wp-json\/wp\/v2\/types\/post"}],"author":[{"embeddable":true,"href":"https:\/\/www.kreativschmiede-soller.ch\/index.php\/wp-json\/wp\/v2\/users\/2"}],"replies":[{"embeddable":true,"href":"https:\/\/www.kreativschmiede-soller.ch\/index.php\/wp-json\/wp\/v2\/comments?post=138"}],"version-history":[{"count":1,"href":"https:\/\/www.kreativschmiede-soller.ch\/index.php\/wp-json\/wp\/v2\/posts\/138\/revisions"}],"predecessor-version":[{"id":875,"href":"https:\/\/www.kreativschmiede-soller.ch\/index.php\/wp-json\/wp\/v2\/posts\/138\/revisions\/875"}],"wp:attachment":[{"href":"https:\/\/www.kreativschmiede-soller.ch\/index.php\/wp-json\/wp\/v2\/media?parent=138"}],"wp:term":[{"taxonomy":"category","embeddable":true,"href":"https:\/\/www.kreativschmiede-soller.ch\/index.php\/wp-json\/wp\/v2\/categories?post=138"},{"taxonomy":"post_tag","embeddable":true,"href":"https:\/\/www.kreativschmiede-soller.ch\/index.php\/wp-json\/wp\/v2\/tags?post=138"}],"curies":[{"name":"wp","href":"https:\/\/api.w.org\/{rel}","templated":true}]}}