{"id":1824,"date":"2016-02-18T14:39:06","date_gmt":"2016-02-18T13:39:06","guid":{"rendered":"http:\/\/www.kreativschmiede-soller.ch\/?p=1824"},"modified":"2016-02-18T14:40:24","modified_gmt":"2016-02-18T13:40:24","slug":"ein-wunsch-geht-in-erfuellung","status":"publish","type":"post","link":"https:\/\/www.kreativschmiede-soller.ch\/index.php\/2016\/02\/18\/ein-wunsch-geht-in-erfuellung\/","title":{"rendered":"Ein Wunsch geht in Erf\u00fcllung"},"content":{"rendered":"<p><img decoding=\"async\" loading=\"lazy\" class=\"size-medium wp-image-1825 alignleft\" src=\"http:\/\/www.kreativschmiede-soller.ch\/wp-content\/uploads\/2016\/02\/image2-225x300.jpg\" alt=\"image2\" width=\"225\" height=\"300\" srcset=\"https:\/\/www.kreativschmiede-soller.ch\/wp-content\/uploads\/2016\/02\/image2-225x300.jpg 225w, https:\/\/www.kreativschmiede-soller.ch\/wp-content\/uploads\/2016\/02\/image2-600x800.jpg 600w, https:\/\/www.kreativschmiede-soller.ch\/wp-content\/uploads\/2016\/02\/image2-768x1024.jpg 768w, https:\/\/www.kreativschmiede-soller.ch\/wp-content\/uploads\/2016\/02\/image2-111x148.jpg 111w, https:\/\/www.kreativschmiede-soller.ch\/wp-content\/uploads\/2016\/02\/image2-23x31.jpg 23w, https:\/\/www.kreativschmiede-soller.ch\/wp-content\/uploads\/2016\/02\/image2-29x38.jpg 29w, https:\/\/www.kreativschmiede-soller.ch\/wp-content\/uploads\/2016\/02\/image2-161x215.jpg 161w, https:\/\/www.kreativschmiede-soller.ch\/wp-content\/uploads\/2016\/02\/image2.jpg 1536w\" sizes=\"(max-width: 225px) 100vw, 225px\" \/><\/p>\n<p>Alles hat seine Zeit&#8230;.. Nach \u00fcber 30 spannenden Jahren habe ich meine Arbeit am Kantonsspital St.Gallen beendet. Jetzt ist f\u00fcr mich die Zeit als selbst\u00e4ndiger Kunstschmied angebrochen, ein Wunsch wird Wirklichkeit.\u00a0Wir freuen uns auf die neuen Herausforderungen, das kreative Arbeiten und die vielen Begegnungen.<\/p>\n","protected":false},"excerpt":{"rendered":"<p>Alles hat seine Zeit&#8230;.. Nach \u00fcber 30 spannenden Jahren habe ich meine Arbeit am Kantonsspital St.Gallen beendet. Jetzt ist f\u00fcr mich die Zeit als selbst\u00e4ndiger [&#8230;]<\/p>\n","protected":false},"author":1,"featured_media":121,"comment_status":"closed","ping_status":"open","sticky":false,"template":"","format":"standard","meta":[],"categories":[1],"tags":[],"_links":{"self":[{"href":"https:\/\/www.kreativschmiede-soller.ch\/index.php\/wp-json\/wp\/v2\/posts\/1824"}],"collection":[{"href":"https:\/\/www.kreativschmiede-soller.ch\/index.php\/wp-json\/wp\/v2\/posts"}],"about":[{"href":"https:\/\/www.kreativschmiede-soller.ch\/index.php\/wp-json\/wp\/v2\/types\/post"}],"author":[{"embeddable":true,"href":"https:\/\/www.kreativschmiede-soller.ch\/index.php\/wp-json\/wp\/v2\/users\/1"}],"replies":[{"embeddable":true,"href":"https:\/\/www.kreativschmiede-soller.ch\/index.php\/wp-json\/wp\/v2\/comments?post=1824"}],"version-history":[{"count":3,"href":"https:\/\/www.kreativschmiede-soller.ch\/index.php\/wp-json\/wp\/v2\/posts\/1824\/revisions"}],"predecessor-version":[{"id":1828,"href":"https:\/\/www.kreativschmiede-soller.ch\/index.php\/wp-json\/wp\/v2\/posts\/1824\/revisions\/1828"}],"wp:featuredmedia":[{"embeddable":true,"href":"https:\/\/www.kreativschmiede-soller.ch\/index.php\/wp-json\/wp\/v2\/media\/121"}],"wp:attachment":[{"href":"https:\/\/www.kreativschmiede-soller.ch\/index.php\/wp-json\/wp\/v2\/media?parent=1824"}],"wp:term":[{"taxonomy":"category","embeddable":true,"href":"https:\/\/www.kreativschmiede-soller.ch\/index.php\/wp-json\/wp\/v2\/categories?post=1824"},{"taxonomy":"post_tag","embeddable":true,"href":"https:\/\/www.kreativschmiede-soller.ch\/index.php\/wp-json\/wp\/v2\/tags?post=1824"}],"curies":[{"name":"wp","href":"https:\/\/api.w.org\/{rel}","templated":true}]}}