{"id":1945,"date":"2016-10-30T20:55:50","date_gmt":"2016-10-30T19:55:50","guid":{"rendered":"http:\/\/www.kreativschmiede-soller.ch\/?p=1945"},"modified":"2016-10-30T20:55:50","modified_gmt":"2016-10-30T19:55:50","slug":"die-miss-hat-einen-guten-klang","status":"publish","type":"post","link":"https:\/\/www.kreativschmiede-soller.ch\/index.php\/2016\/10\/30\/die-miss-hat-einen-guten-klang\/","title":{"rendered":"Die \u00abMiss\u00bb hat einen guten Klang"},"content":{"rendered":"<p><strong><img decoding=\"async\" loading=\"lazy\" class=\"alignnone size-medium wp-image-1946\" src=\"http:\/\/www.kreativschmiede-soller.ch\/wp-content\/uploads\/2016\/10\/Adelina-300x238.jpg\" alt=\"adelina\" width=\"300\" height=\"238\" srcset=\"https:\/\/www.kreativschmiede-soller.ch\/wp-content\/uploads\/2016\/10\/Adelina-300x238.jpg 300w, https:\/\/www.kreativschmiede-soller.ch\/wp-content\/uploads\/2016\/10\/Adelina-600x477.jpg 600w, https:\/\/www.kreativschmiede-soller.ch\/wp-content\/uploads\/2016\/10\/Adelina-768x611.jpg 768w, https:\/\/www.kreativschmiede-soller.ch\/wp-content\/uploads\/2016\/10\/Adelina.jpg 1024w, https:\/\/www.kreativschmiede-soller.ch\/wp-content\/uploads\/2016\/10\/Adelina-148x118.jpg 148w, https:\/\/www.kreativschmiede-soller.ch\/wp-content\/uploads\/2016\/10\/Adelina-31x25.jpg 31w, https:\/\/www.kreativschmiede-soller.ch\/wp-content\/uploads\/2016\/10\/Adelina-38x30.jpg 38w, https:\/\/www.kreativschmiede-soller.ch\/wp-content\/uploads\/2016\/10\/Adelina-270x215.jpg 270w\" sizes=\"(max-width: 300px) 100vw, 300px\" \/>\u00a0\u00a0\u00a0\u00a0\u00a0\u00a0\u00a0 <img decoding=\"async\" loading=\"lazy\" class=\"alignnone size-medium wp-image-1947\" src=\"http:\/\/www.kreativschmiede-soller.ch\/wp-content\/uploads\/2016\/10\/Nadja-Sepp-Rene-296x300.jpg\" alt=\"nadja-sepp-rene\" width=\"296\" height=\"300\" srcset=\"https:\/\/www.kreativschmiede-soller.ch\/wp-content\/uploads\/2016\/10\/Nadja-Sepp-Rene-296x300.jpg 296w, https:\/\/www.kreativschmiede-soller.ch\/wp-content\/uploads\/2016\/10\/Nadja-Sepp-Rene-100x100.jpg 100w, https:\/\/www.kreativschmiede-soller.ch\/wp-content\/uploads\/2016\/10\/Nadja-Sepp-Rene-600x609.jpg 600w, https:\/\/www.kreativschmiede-soller.ch\/wp-content\/uploads\/2016\/10\/Nadja-Sepp-Rene-768x779.jpg 768w, https:\/\/www.kreativschmiede-soller.ch\/wp-content\/uploads\/2016\/10\/Nadja-Sepp-Rene-1009x1024.jpg 1009w, https:\/\/www.kreativschmiede-soller.ch\/wp-content\/uploads\/2016\/10\/Nadja-Sepp-Rene-146x148.jpg 146w, https:\/\/www.kreativschmiede-soller.ch\/wp-content\/uploads\/2016\/10\/Nadja-Sepp-Rene-31x31.jpg 31w, https:\/\/www.kreativschmiede-soller.ch\/wp-content\/uploads\/2016\/10\/Nadja-Sepp-Rene-38x38.jpg 38w, https:\/\/www.kreativschmiede-soller.ch\/wp-content\/uploads\/2016\/10\/Nadja-Sepp-Rene-212x215.jpg 212w, https:\/\/www.kreativschmiede-soller.ch\/wp-content\/uploads\/2016\/10\/Nadja-Sepp-Rene.jpg 1024w\" sizes=\"(max-width: 296px) 100vw, 296px\" \/><\/strong><br \/>\nAdelina mit stolzem Besitzer und Sepp Brand mit Nadja R\u00e4ss und Ren\u00e9 Soller<\/p>\n<p>Die Alt St. Johanner Viehhalter pr\u00e4sentierten am Dienstag ihre tierischen Stars. Die Siegerin der Kategorie Fitness-Star, Adelina, erhielt die erste Weidschelle aus der Klangschmiede umgeh\u00e4ngt.<\/p>\n<p>Peter K\u00fcpfer, Toggenburger Tagblatt 6.10.2016<\/p>\n<p>Es war einmal mehr ein Fest der Farben und des berechtigten Besitzerstolzes. Auf dem Parkplatz Stillth\u00fcrli reihten sich R\u00fccken an R\u00fccken die sch\u00f6nen Braunen, auf der Wiese bogen sich die langen B\u00e4nke unter den gutgelaunten Schaulustigen. Wie Hanspeter Bollhalder bei der Pr\u00e4sentation betonte, h\u00e4tten alle vorgef\u00fchrten Tiere eine Auszeichnung verdient. Aussehen, Vitalit\u00e4t und die genannten beeindruckenden Leistungszahlen bezeugten das anhaltend hohe Niveau der Haltung. Ohne die sich darin zeigende Liebe zu den Tieren w\u00e4re das nicht m\u00f6glich, sagten die Pr\u00e4sentatoren unter dem Applaus der dicht am Ring stehenden Produzenten und Interessierten.<\/p>\n<p><strong>Das Verfahren ist geheim<\/strong><\/p>\n<p>Dieses Jahr war neben den traditionellen Kategorien auch eine neue zu sehen. Die Viehschaukommission liess zus\u00e4tzlich einen \u00abFitness-Star\u00bb erk\u00fcren. Dabei wurden weniger das Aussehen als die \u00abinneren Werte\u00bb dieser besonders leistungsstarken Tiere bewertet. Die Preistr\u00e4gerin Adelina aus dem Stall von Ernst Rechsteiner (Schwendi) erhielt neben viel Applaus ein besonderes Geschenk. Nadja R\u00e4ss (Klangwelt Toggenburg) band ihr n\u00e4mlich eine wundersch\u00f6n geformte und wohlklingende Weidschelle um. Diese war von A bis Z in der Werkstatt der Klangwelt geschmiedet und feuervermessingt worden. Wie Nadja R\u00e4ss bei der Pr\u00e4mierung sagte, arbeitet die Klangschmiede (mit Sepp Brand, Ren\u00e9 Soller, Hanspeter Breitler, Andreas Keller und Eveline Kesseli) schon lange auf das Ziel hin, eigene Schellen vom Werkst\u00fcck bis zur vermessingten Endform selbst zu produzieren. Mit Riemen und Schnallen, die ebenfalls aus dem Toggenburg stammen. Der Prototyp, von Sepp Brand verfertigt, wurde der Viehschaukommission von der Klangschmiede gestiftet und soll in den kommenden Jahren noch manche verdiente Kuh auszeichnen. Adelina nahm den noch ungewohnten Wanderpreis zwar gn\u00e4dig, aber nicht ohne teilweise heftiges Kopfrecken entgegen. Wie Ren\u00e9 Soller ausf\u00fchrt, ist vor allem das Feuervermessingen der Schellen ein anspruchsvolles Verfahren. Dabei ist die Zusammensetzung des Tonmantels beim Einbrennen der Kupfer-Zink-Mischung ein gut geh\u00fctetes Berufsgeheimnis. Durch mehrj\u00e4hriges geduldiges Experimentieren ist Ren\u00e9 Soller nun ein Verfahren gelungen, das sich f\u00fcr die Klangschmiede besonders gut eignet. Erstens ist es im Unterschied zu traditionellen Verfahren relativ kurz, so dass bei Kursen das Resultat des Bem\u00fchens am gleichen Tag zu ersehen ist. Und zweitens braucht der in der Klangschmiede dazu verwendete Tonbrennofen weniger Holz. Entscheidend sind dabei die Tonmischung und ihr Feuchtigkeitsgehalt, damit der Mantel bei den hohen Temperaturen (bis 1200 Grad ) nicht springt. Soller konnte sich dabei auf eine alte Beschreibung des \u00abTeigs\u00bb von 1840 mit Mist und Hammerschlag abst\u00fctzen. Durch Sollers Beharrlichkeit haben die Klangschmiede nun ein eigenes Verfahren entwickelt. \u00abAuch ein St\u00fcck Berufsgeheimnis\u00bb, sagt Soller l\u00e4chelnd. Er freut sich aber, wenn es Interessenten gibt, denen es gerne mitgeteilt wird.<\/p>\n","protected":false},"excerpt":{"rendered":"<p>\u00a0\u00a0\u00a0\u00a0\u00a0\u00a0\u00a0 Adelina mit stolzem Besitzer und Sepp Brand mit Nadja R\u00e4ss und Ren\u00e9 Soller Die Alt St. Johanner Viehhalter pr\u00e4sentierten am Dienstag ihre tierischen Stars. [&#8230;]<\/p>\n","protected":false},"author":2,"featured_media":0,"comment_status":"closed","ping_status":"open","sticky":false,"template":"","format":"standard","meta":[],"categories":[56,1],"tags":[58],"_links":{"self":[{"href":"https:\/\/www.kreativschmiede-soller.ch\/index.php\/wp-json\/wp\/v2\/posts\/1945"}],"collection":[{"href":"https:\/\/www.kreativschmiede-soller.ch\/index.php\/wp-json\/wp\/v2\/posts"}],"about":[{"href":"https:\/\/www.kreativschmiede-soller.ch\/index.php\/wp-json\/wp\/v2\/types\/post"}],"author":[{"embeddable":true,"href":"https:\/\/www.kreativschmiede-soller.ch\/index.php\/wp-json\/wp\/v2\/users\/2"}],"replies":[{"embeddable":true,"href":"https:\/\/www.kreativschmiede-soller.ch\/index.php\/wp-json\/wp\/v2\/comments?post=1945"}],"version-history":[{"count":4,"href":"https:\/\/www.kreativschmiede-soller.ch\/index.php\/wp-json\/wp\/v2\/posts\/1945\/revisions"}],"predecessor-version":[{"id":1951,"href":"https:\/\/www.kreativschmiede-soller.ch\/index.php\/wp-json\/wp\/v2\/posts\/1945\/revisions\/1951"}],"wp:attachment":[{"href":"https:\/\/www.kreativschmiede-soller.ch\/index.php\/wp-json\/wp\/v2\/media?parent=1945"}],"wp:term":[{"taxonomy":"category","embeddable":true,"href":"https:\/\/www.kreativschmiede-soller.ch\/index.php\/wp-json\/wp\/v2\/categories?post=1945"},{"taxonomy":"post_tag","embeddable":true,"href":"https:\/\/www.kreativschmiede-soller.ch\/index.php\/wp-json\/wp\/v2\/tags?post=1945"}],"curies":[{"name":"wp","href":"https:\/\/api.w.org\/{rel}","templated":true}]}}