{"id":247,"date":"2012-12-26T20:26:21","date_gmt":"2012-12-26T19:26:21","guid":{"rendered":"http:\/\/www.kreativschmiede-soller.ch\/con\/blog\/?p=247"},"modified":"2016-02-10T20:30:03","modified_gmt":"2016-02-10T19:30:03","slug":"elch-fur-bb-aushangeschild","status":"publish","type":"post","link":"https:\/\/www.kreativschmiede-soller.ch\/index.php\/2012\/12\/26\/elch-fur-bb-aushangeschild\/","title":{"rendered":"Elch f\u00fcr B&#038;B Aush\u00e4ngeschild"},"content":{"rendered":"<p>Ende Jahr erhielt ich eine besondere Anfrage: Ein B&amp;B Aush\u00e4ngeschild mit Elch f\u00fcr S\u00fcdschweden zu schmieden. Auf Weihnachten sollte der Elch fertig sein, der Rest im neuen Jahr.\u00a0 Ich stellte mir die Aufgabe einen dreidimensionalen Elch zu schaffen. Ein\u00a0Pferdebild vom italienischen Meisterschmied Claudio Botteros inspirierte mich. Kurz vor Weihnachten musste ich mich vom Elch trennen, er zog nach Norden&#8230;.<\/p>\n<p><a href=\"http:\/\/www.kreativschmiede-soller.ch\/con\/blog\/wp-content\/uploads\/IMG_1195_6001.jpg\"><img decoding=\"async\" loading=\"lazy\" title=\"IMG_1195_600\" alt=\"Elchkopf feuergeschweisst\" src=\"http:\/\/www.kreativschmiede-soller.ch\/con\/blog\/wp-content\/uploads\/IMG_1195_6001-150x150.jpg\" width=\"150\" height=\"150\" \/><\/a> \u00a0<a href=\"http:\/\/www.kreativschmiede-soller.ch\/con\/blog\/wp-content\/uploads\/Elch_4.jpg\"><img decoding=\"async\" loading=\"lazy\" alt=\"Elch_4\" src=\"http:\/\/www.kreativschmiede-soller.ch\/con\/blog\/wp-content\/uploads\/Elch_4-300x224.jpg\" width=\"202\" height=\"151\" \/><\/a>\u00a0 <a href=\"http:\/\/www.kreativschmiede-soller.ch\/con\/blog\/wp-content\/uploads\/Elch_3.jpg\"><img decoding=\"async\" loading=\"lazy\" alt=\"Elch_3\" src=\"http:\/\/www.kreativschmiede-soller.ch\/con\/blog\/wp-content\/uploads\/Elch_3-224x300.jpg\" width=\"166\" height=\"199\" \/><\/a>\u00a0 <a href=\"http:\/\/www.kreativschmiede-soller.ch\/con\/blog\/wp-content\/uploads\/Elch_2.jpg\"><img decoding=\"async\" loading=\"lazy\" alt=\"Elch_2\" src=\"http:\/\/www.kreativschmiede-soller.ch\/con\/blog\/wp-content\/uploads\/Elch_2-300x225.jpg\" width=\"202\" height=\"151\" \/><\/a>\u00a0 <a href=\"http:\/\/www.kreativschmiede-soller.ch\/con\/blog\/wp-content\/uploads\/Elch_1.jpg\"><img decoding=\"async\" loading=\"lazy\" alt=\"Elch_1\" src=\"http:\/\/www.kreativschmiede-soller.ch\/con\/blog\/wp-content\/uploads\/Elch_1-225x300.jpg\" width=\"149\" height=\"199\" \/><\/a><\/p>\n<p>&nbsp;<\/p>\n","protected":false},"excerpt":{"rendered":"<p>Ende Jahr erhielt ich eine besondere Anfrage: Ein B&amp;B Aush\u00e4ngeschild mit Elch f\u00fcr S\u00fcdschweden zu schmieden. Auf Weihnachten sollte der Elch fertig sein, der Rest [&#8230;]<\/p>\n","protected":false},"author":2,"featured_media":0,"comment_status":"closed","ping_status":"closed","sticky":false,"template":"","format":"standard","meta":[],"categories":[15],"tags":[25],"_links":{"self":[{"href":"https:\/\/www.kreativschmiede-soller.ch\/index.php\/wp-json\/wp\/v2\/posts\/247"}],"collection":[{"href":"https:\/\/www.kreativschmiede-soller.ch\/index.php\/wp-json\/wp\/v2\/posts"}],"about":[{"href":"https:\/\/www.kreativschmiede-soller.ch\/index.php\/wp-json\/wp\/v2\/types\/post"}],"author":[{"embeddable":true,"href":"https:\/\/www.kreativschmiede-soller.ch\/index.php\/wp-json\/wp\/v2\/users\/2"}],"replies":[{"embeddable":true,"href":"https:\/\/www.kreativschmiede-soller.ch\/index.php\/wp-json\/wp\/v2\/comments?post=247"}],"version-history":[{"count":1,"href":"https:\/\/www.kreativschmiede-soller.ch\/index.php\/wp-json\/wp\/v2\/posts\/247\/revisions"}],"predecessor-version":[{"id":931,"href":"https:\/\/www.kreativschmiede-soller.ch\/index.php\/wp-json\/wp\/v2\/posts\/247\/revisions\/931"}],"wp:attachment":[{"href":"https:\/\/www.kreativschmiede-soller.ch\/index.php\/wp-json\/wp\/v2\/media?parent=247"}],"wp:term":[{"taxonomy":"category","embeddable":true,"href":"https:\/\/www.kreativschmiede-soller.ch\/index.php\/wp-json\/wp\/v2\/categories?post=247"},{"taxonomy":"post_tag","embeddable":true,"href":"https:\/\/www.kreativschmiede-soller.ch\/index.php\/wp-json\/wp\/v2\/tags?post=247"}],"curies":[{"name":"wp","href":"https:\/\/api.w.org\/{rel}","templated":true}]}}