{"id":2731,"date":"2022-02-13T20:55:56","date_gmt":"2022-02-13T19:55:56","guid":{"rendered":"http:\/\/www.kreativschmiede-soller.ch\/?p=2731"},"modified":"2022-02-13T20:55:56","modified_gmt":"2022-02-13T19:55:56","slug":"7-eidgenoessisches-schmiedefest","status":"publish","type":"post","link":"https:\/\/www.kreativschmiede-soller.ch\/index.php\/2022\/02\/13\/7-eidgenoessisches-schmiedefest\/","title":{"rendered":"7. eidgen\u00f6ssisches schmiedefest"},"content":{"rendered":"\n<figure class=\"wp-block-image\"><img decoding=\"async\" loading=\"lazy\" width=\"724\" height=\"543\" src=\"http:\/\/www.kreativschmiede-soller.ch\/wp-content\/uploads\/2022\/02\/20220109-schmiededfest-.gif\" alt=\"\" class=\"wp-image-2732\"\/><\/figure>\n\n\n\n<p>Mit der schmiedezunft eligius feiert die ig-schmiede das 20 j\u00e4hrige jubil\u00e4um. Gemeinsam organisieren sie das 7. eidgen\u00f6ssische schmiedefest. Dort werde ich mit meiner mobilen schmiede schellen schmieden und im feuer l\u00f6ten. Freue mich auf euren besuch. Beim publikumswettbewerb kann man gold gewinnen. <\/p>\n\n\n\n<p>Das programm findet ihr unter <a href=\"http:\/\/www.eligius.ch\" target=\"_blank\" rel=\"noreferrer noopener\" aria-label=\"www.eligius.ch (\u00f6ffnet in neuem Tab)\">www.eligius.ch<\/a> <\/p>\n","protected":false},"excerpt":{"rendered":"<p>Mit der schmiedezunft eligius feiert die ig-schmiede das 20 j\u00e4hrige jubil\u00e4um. Gemeinsam organisieren sie das 7. eidgen\u00f6ssische schmiedefest. Dort werde ich mit meiner mobilen schmiede [&#8230;]<\/p>\n","protected":false},"author":2,"featured_media":0,"comment_status":"closed","ping_status":"closed","sticky":false,"template":"","format":"standard","meta":[],"categories":[13,55,1,14],"tags":[90,116],"_links":{"self":[{"href":"https:\/\/www.kreativschmiede-soller.ch\/index.php\/wp-json\/wp\/v2\/posts\/2731"}],"collection":[{"href":"https:\/\/www.kreativschmiede-soller.ch\/index.php\/wp-json\/wp\/v2\/posts"}],"about":[{"href":"https:\/\/www.kreativschmiede-soller.ch\/index.php\/wp-json\/wp\/v2\/types\/post"}],"author":[{"embeddable":true,"href":"https:\/\/www.kreativschmiede-soller.ch\/index.php\/wp-json\/wp\/v2\/users\/2"}],"replies":[{"embeddable":true,"href":"https:\/\/www.kreativschmiede-soller.ch\/index.php\/wp-json\/wp\/v2\/comments?post=2731"}],"version-history":[{"count":1,"href":"https:\/\/www.kreativschmiede-soller.ch\/index.php\/wp-json\/wp\/v2\/posts\/2731\/revisions"}],"predecessor-version":[{"id":2733,"href":"https:\/\/www.kreativschmiede-soller.ch\/index.php\/wp-json\/wp\/v2\/posts\/2731\/revisions\/2733"}],"wp:attachment":[{"href":"https:\/\/www.kreativschmiede-soller.ch\/index.php\/wp-json\/wp\/v2\/media?parent=2731"}],"wp:term":[{"taxonomy":"category","embeddable":true,"href":"https:\/\/www.kreativschmiede-soller.ch\/index.php\/wp-json\/wp\/v2\/categories?post=2731"},{"taxonomy":"post_tag","embeddable":true,"href":"https:\/\/www.kreativschmiede-soller.ch\/index.php\/wp-json\/wp\/v2\/tags?post=2731"}],"curies":[{"name":"wp","href":"https:\/\/api.w.org\/{rel}","templated":true}]}}