{"id":5148,"date":"2025-03-30T22:18:45","date_gmt":"2025-03-30T20:18:45","guid":{"rendered":"https:\/\/www.kreativschmiede-soller.ch\/?p=5148"},"modified":"2025-03-30T22:18:45","modified_gmt":"2025-03-30T20:18:45","slug":"schellenkurs-3","status":"publish","type":"post","link":"https:\/\/www.kreativschmiede-soller.ch\/index.php\/2025\/03\/30\/schellenkurs-3\/","title":{"rendered":"Schellenkurs"},"content":{"rendered":"\n<p>Anfangs m\u00e4rz 25 fand wieder der dreit\u00e4gige schellenkurs in der klangschmiede alt st. johann statt. Ein bildstarkes und feuriges erlebnis:<\/p>\n\n\n\n<p><img decoding=\"async\" loading=\"lazy\" width=\"1920\" height=\"2560\" class=\"wp-image-5149\" style=\"width: 250px;\" src=\"http:\/\/www.kreativschmiede-soller.ch\/wp-content\/uploads\/2025\/03\/IMG_2203-scaled.jpeg\" alt=\"\" srcset=\"https:\/\/www.kreativschmiede-soller.ch\/wp-content\/uploads\/2025\/03\/IMG_2203-scaled.jpeg 1920w, https:\/\/www.kreativschmiede-soller.ch\/wp-content\/uploads\/2025\/03\/IMG_2203-225x300.jpeg 225w, https:\/\/www.kreativschmiede-soller.ch\/wp-content\/uploads\/2025\/03\/IMG_2203-768x1024.jpeg 768w, https:\/\/www.kreativschmiede-soller.ch\/wp-content\/uploads\/2025\/03\/IMG_2203-1152x1536.jpeg 1152w, https:\/\/www.kreativschmiede-soller.ch\/wp-content\/uploads\/2025\/03\/IMG_2203-1536x2048.jpeg 1536w, https:\/\/www.kreativschmiede-soller.ch\/wp-content\/uploads\/2025\/03\/IMG_2203-600x800.jpeg 600w\" sizes=\"(max-width: 1920px) 100vw, 1920px\" \/> <br>schmieden<\/p>\n\n\n\n<p><img decoding=\"async\" loading=\"lazy\" width=\"1920\" height=\"2560\" class=\"wp-image-5151\" style=\"width: 250px;\" src=\"http:\/\/www.kreativschmiede-soller.ch\/wp-content\/uploads\/2025\/03\/IMG_2214-scaled.jpeg\" alt=\"\" srcset=\"https:\/\/www.kreativschmiede-soller.ch\/wp-content\/uploads\/2025\/03\/IMG_2214-scaled.jpeg 1920w, https:\/\/www.kreativschmiede-soller.ch\/wp-content\/uploads\/2025\/03\/IMG_2214-225x300.jpeg 225w, https:\/\/www.kreativschmiede-soller.ch\/wp-content\/uploads\/2025\/03\/IMG_2214-768x1024.jpeg 768w, https:\/\/www.kreativschmiede-soller.ch\/wp-content\/uploads\/2025\/03\/IMG_2214-1152x1536.jpeg 1152w, https:\/\/www.kreativschmiede-soller.ch\/wp-content\/uploads\/2025\/03\/IMG_2214-1536x2048.jpeg 1536w, https:\/\/www.kreativschmiede-soller.ch\/wp-content\/uploads\/2025\/03\/IMG_2214-600x800.jpeg 600w\" sizes=\"(max-width: 1920px) 100vw, 1920px\" \/><br>feuerl\u00f6ten<\/p>\n\n\n\n<p><img decoding=\"async\" loading=\"lazy\" width=\"1920\" height=\"2560\" class=\"wp-image-5150\" style=\"width: 250px;\" src=\"http:\/\/www.kreativschmiede-soller.ch\/wp-content\/uploads\/2025\/03\/IMG_2204-scaled.jpeg\" alt=\"\" srcset=\"https:\/\/www.kreativschmiede-soller.ch\/wp-content\/uploads\/2025\/03\/IMG_2204-scaled.jpeg 1920w, https:\/\/www.kreativschmiede-soller.ch\/wp-content\/uploads\/2025\/03\/IMG_2204-225x300.jpeg 225w, https:\/\/www.kreativschmiede-soller.ch\/wp-content\/uploads\/2025\/03\/IMG_2204-768x1024.jpeg 768w, https:\/\/www.kreativschmiede-soller.ch\/wp-content\/uploads\/2025\/03\/IMG_2204-1152x1536.jpeg 1152w, https:\/\/www.kreativschmiede-soller.ch\/wp-content\/uploads\/2025\/03\/IMG_2204-1536x2048.jpeg 1536w, https:\/\/www.kreativschmiede-soller.ch\/wp-content\/uploads\/2025\/03\/IMG_2204-600x800.jpeg 600w\" sizes=\"(max-width: 1920px) 100vw, 1920px\" \/><br>feuervermessingen<\/p>\n\n\n\n<p><img decoding=\"async\" loading=\"lazy\" width=\"1920\" height=\"2560\" class=\"wp-image-5152\" style=\"width: 250px;\" src=\"http:\/\/www.kreativschmiede-soller.ch\/wp-content\/uploads\/2025\/03\/IMG_2227-scaled.jpeg\" alt=\"\" srcset=\"https:\/\/www.kreativschmiede-soller.ch\/wp-content\/uploads\/2025\/03\/IMG_2227-scaled.jpeg 1920w, https:\/\/www.kreativschmiede-soller.ch\/wp-content\/uploads\/2025\/03\/IMG_2227-225x300.jpeg 225w, https:\/\/www.kreativschmiede-soller.ch\/wp-content\/uploads\/2025\/03\/IMG_2227-768x1024.jpeg 768w, https:\/\/www.kreativschmiede-soller.ch\/wp-content\/uploads\/2025\/03\/IMG_2227-1152x1536.jpeg 1152w, https:\/\/www.kreativschmiede-soller.ch\/wp-content\/uploads\/2025\/03\/IMG_2227-1536x2048.jpeg 1536w, https:\/\/www.kreativschmiede-soller.ch\/wp-content\/uploads\/2025\/03\/IMG_2227-600x800.jpeg 600w\" sizes=\"(max-width: 1920px) 100vw, 1920px\" \/><\/p>\n\n\n\n<p><a href=\"https:\/\/klangwelt.ch\/angebote\/kalender#kurse\" target=\"_blank\" rel=\"noreferrer noopener\">klangwelt<\/a> <\/p>\n","protected":false},"excerpt":{"rendered":"<p>Anfangs m\u00e4rz 25 fand wieder der dreit\u00e4gige schellenkurs in der klangschmiede alt st. johann statt. Ein bildstarkes und feuriges erlebnis: schmieden feuerl\u00f6ten feuervermessingen klangwelt<\/p>\n","protected":false},"author":2,"featured_media":5151,"comment_status":"closed","ping_status":"closed","sticky":false,"template":"","format":"standard","meta":[],"categories":[56,1],"tags":[],"_links":{"self":[{"href":"https:\/\/www.kreativschmiede-soller.ch\/index.php\/wp-json\/wp\/v2\/posts\/5148"}],"collection":[{"href":"https:\/\/www.kreativschmiede-soller.ch\/index.php\/wp-json\/wp\/v2\/posts"}],"about":[{"href":"https:\/\/www.kreativschmiede-soller.ch\/index.php\/wp-json\/wp\/v2\/types\/post"}],"author":[{"embeddable":true,"href":"https:\/\/www.kreativschmiede-soller.ch\/index.php\/wp-json\/wp\/v2\/users\/2"}],"replies":[{"embeddable":true,"href":"https:\/\/www.kreativschmiede-soller.ch\/index.php\/wp-json\/wp\/v2\/comments?post=5148"}],"version-history":[{"count":1,"href":"https:\/\/www.kreativschmiede-soller.ch\/index.php\/wp-json\/wp\/v2\/posts\/5148\/revisions"}],"predecessor-version":[{"id":5153,"href":"https:\/\/www.kreativschmiede-soller.ch\/index.php\/wp-json\/wp\/v2\/posts\/5148\/revisions\/5153"}],"wp:featuredmedia":[{"embeddable":true,"href":"https:\/\/www.kreativschmiede-soller.ch\/index.php\/wp-json\/wp\/v2\/media\/5151"}],"wp:attachment":[{"href":"https:\/\/www.kreativschmiede-soller.ch\/index.php\/wp-json\/wp\/v2\/media?parent=5148"}],"wp:term":[{"taxonomy":"category","embeddable":true,"href":"https:\/\/www.kreativschmiede-soller.ch\/index.php\/wp-json\/wp\/v2\/categories?post=5148"},{"taxonomy":"post_tag","embeddable":true,"href":"https:\/\/www.kreativschmiede-soller.ch\/index.php\/wp-json\/wp\/v2\/tags?post=5148"}],"curies":[{"name":"wp","href":"https:\/\/api.w.org\/{rel}","templated":true}]}}