{"id":5539,"date":"2025-12-11T08:41:24","date_gmt":"2025-12-11T07:41:24","guid":{"rendered":"http:\/\/www.kreativschmiede-soller.ch\/?p=5539"},"modified":"2025-12-11T08:41:24","modified_gmt":"2025-12-11T07:41:24","slug":"handlauf-6","status":"publish","type":"post","link":"https:\/\/www.kreativschmiede-soller.ch\/index.php\/2025\/12\/11\/handlauf-6\/","title":{"rendered":"handlauf"},"content":{"rendered":"\n<p>F\u00fcr das haus (1938) vom kunst- und kirchenmaler augustin mainrad b\u00e4chtiger durfte ich zwei handl\u00e4ufe schmieden. Sie passen sich sehr gut ins gesamtbild vom haus ein.  <\/p>\n\n\n\n<p> <img decoding=\"async\" loading=\"lazy\" width=\"1920\" height=\"2560\" class=\"wp-image-5536\" style=\"width: 169px;\" src=\"http:\/\/www.kreativschmiede-soller.ch\/wp-content\/uploads\/2025\/12\/IMG_4958-scaled.jpeg\" alt=\"\" srcset=\"https:\/\/www.kreativschmiede-soller.ch\/wp-content\/uploads\/2025\/12\/IMG_4958-scaled.jpeg 1920w, https:\/\/www.kreativschmiede-soller.ch\/wp-content\/uploads\/2025\/12\/IMG_4958-225x300.jpeg 225w, https:\/\/www.kreativschmiede-soller.ch\/wp-content\/uploads\/2025\/12\/IMG_4958-768x1024.jpeg 768w, https:\/\/www.kreativschmiede-soller.ch\/wp-content\/uploads\/2025\/12\/IMG_4958-1152x1536.jpeg 1152w, https:\/\/www.kreativschmiede-soller.ch\/wp-content\/uploads\/2025\/12\/IMG_4958-1536x2048.jpeg 1536w, https:\/\/www.kreativschmiede-soller.ch\/wp-content\/uploads\/2025\/12\/IMG_4958-600x800.jpeg 600w\" sizes=\"(max-width: 1920px) 100vw, 1920px\" \/>  <img decoding=\"async\" loading=\"lazy\" width=\"2560\" height=\"1920\" class=\"wp-image-5537\" style=\"width: 300px;\" src=\"http:\/\/www.kreativschmiede-soller.ch\/wp-content\/uploads\/2025\/12\/IMG_4959-scaled.jpeg\" alt=\"\" srcset=\"https:\/\/www.kreativschmiede-soller.ch\/wp-content\/uploads\/2025\/12\/IMG_4959-scaled.jpeg 2560w, https:\/\/www.kreativschmiede-soller.ch\/wp-content\/uploads\/2025\/12\/IMG_4959-300x225.jpeg 300w, https:\/\/www.kreativschmiede-soller.ch\/wp-content\/uploads\/2025\/12\/IMG_4959-1024x768.jpeg 1024w, https:\/\/www.kreativschmiede-soller.ch\/wp-content\/uploads\/2025\/12\/IMG_4959-768x576.jpeg 768w, https:\/\/www.kreativschmiede-soller.ch\/wp-content\/uploads\/2025\/12\/IMG_4959-1536x1152.jpeg 1536w, https:\/\/www.kreativschmiede-soller.ch\/wp-content\/uploads\/2025\/12\/IMG_4959-2048x1536.jpeg 2048w, https:\/\/www.kreativschmiede-soller.ch\/wp-content\/uploads\/2025\/12\/IMG_4959-600x450.jpeg 600w\" sizes=\"(max-width: 2560px) 100vw, 2560px\" \/> <\/p>\n\n\n\n<p>  <img decoding=\"async\" loading=\"lazy\" width=\"2560\" height=\"1920\" class=\"wp-image-5538\" style=\"width: 400px;\" src=\"http:\/\/www.kreativschmiede-soller.ch\/wp-content\/uploads\/2025\/12\/IMG_4961-scaled.jpeg\" alt=\"\" srcset=\"https:\/\/www.kreativschmiede-soller.ch\/wp-content\/uploads\/2025\/12\/IMG_4961-scaled.jpeg 2560w, https:\/\/www.kreativschmiede-soller.ch\/wp-content\/uploads\/2025\/12\/IMG_4961-300x225.jpeg 300w, https:\/\/www.kreativschmiede-soller.ch\/wp-content\/uploads\/2025\/12\/IMG_4961-1024x768.jpeg 1024w, https:\/\/www.kreativschmiede-soller.ch\/wp-content\/uploads\/2025\/12\/IMG_4961-768x576.jpeg 768w, https:\/\/www.kreativschmiede-soller.ch\/wp-content\/uploads\/2025\/12\/IMG_4961-1536x1152.jpeg 1536w, https:\/\/www.kreativschmiede-soller.ch\/wp-content\/uploads\/2025\/12\/IMG_4961-2048x1536.jpeg 2048w, https:\/\/www.kreativschmiede-soller.ch\/wp-content\/uploads\/2025\/12\/IMG_4961-600x450.jpeg 600w\" sizes=\"(max-width: 2560px) 100vw, 2560px\" \/>  <\/p>\n","protected":false},"excerpt":{"rendered":"<p>F\u00fcr das haus (1938) vom kunst- und kirchenmaler augustin mainrad b\u00e4chtiger durfte ich zwei handl\u00e4ufe schmieden. Sie passen sich sehr gut ins gesamtbild vom haus [&#8230;]<\/p>\n","protected":false},"author":2,"featured_media":5538,"comment_status":"closed","ping_status":"closed","sticky":false,"template":"","format":"standard","meta":[],"categories":[15,1],"tags":[34],"_links":{"self":[{"href":"https:\/\/www.kreativschmiede-soller.ch\/index.php\/wp-json\/wp\/v2\/posts\/5539"}],"collection":[{"href":"https:\/\/www.kreativschmiede-soller.ch\/index.php\/wp-json\/wp\/v2\/posts"}],"about":[{"href":"https:\/\/www.kreativschmiede-soller.ch\/index.php\/wp-json\/wp\/v2\/types\/post"}],"author":[{"embeddable":true,"href":"https:\/\/www.kreativschmiede-soller.ch\/index.php\/wp-json\/wp\/v2\/users\/2"}],"replies":[{"embeddable":true,"href":"https:\/\/www.kreativschmiede-soller.ch\/index.php\/wp-json\/wp\/v2\/comments?post=5539"}],"version-history":[{"count":2,"href":"https:\/\/www.kreativschmiede-soller.ch\/index.php\/wp-json\/wp\/v2\/posts\/5539\/revisions"}],"predecessor-version":[{"id":5541,"href":"https:\/\/www.kreativschmiede-soller.ch\/index.php\/wp-json\/wp\/v2\/posts\/5539\/revisions\/5541"}],"wp:featuredmedia":[{"embeddable":true,"href":"https:\/\/www.kreativschmiede-soller.ch\/index.php\/wp-json\/wp\/v2\/media\/5538"}],"wp:attachment":[{"href":"https:\/\/www.kreativschmiede-soller.ch\/index.php\/wp-json\/wp\/v2\/media?parent=5539"}],"wp:term":[{"taxonomy":"category","embeddable":true,"href":"https:\/\/www.kreativschmiede-soller.ch\/index.php\/wp-json\/wp\/v2\/categories?post=5539"},{"taxonomy":"post_tag","embeddable":true,"href":"https:\/\/www.kreativschmiede-soller.ch\/index.php\/wp-json\/wp\/v2\/tags?post=5539"}],"curies":[{"name":"wp","href":"https:\/\/api.w.org\/{rel}","templated":true}]}}