{"id":714,"date":"2015-03-15T21:07:28","date_gmt":"2015-03-15T20:07:28","guid":{"rendered":"http:\/\/www.kreativschmiede-soller.ch\/con\/blog\/?p=714"},"modified":"2016-02-10T20:27:02","modified_gmt":"2016-02-10T19:27:02","slug":"schellenkurs-in-der-klangschmiede","status":"publish","type":"post","link":"https:\/\/www.kreativschmiede-soller.ch\/index.php\/2015\/03\/15\/schellenkurs-in-der-klangschmiede\/","title":{"rendered":"Schellenkurs in der Klangschmiede"},"content":{"rendered":"<p>Schon den dritten Kurs &#8222;Drei Tage, drei Schellen, drei Kl\u00e4nge&#8220; konnte ich mit motivierten KursteilehmerInnen in der Klagschmiede Alt St. Johann durchf\u00fchren. Das Feuervermessingen der Rollen mit dem neuen Brennofen bildete einer der H\u00f6hepunkte. \u00dcber eine Stunde wurde die Temperatur auf \u00fcber 1000 Grad gehalten. Dann die gl\u00fchende Lehmkugel in st\u00e4ndiger Bewegung abk\u00fchlen lassen und wenn sie innen nur noch wenig gl\u00fchte im Bach unter spektkul\u00e4rem Zischen und Fauchen abschrecken. Mit Spannung wird die Lehmkugel zerschlagen und mancher Juchzer war zu h\u00f6ren beim Anblick der sch\u00f6nen Rolle. Das L\u00f6ten in der Esse zeigte sich mit einem eindr\u00fccklichen Farbenspiel der Flammen. Der reine Klang verriet eine perfekte L\u00f6tung. Die Afrikaschelle forderte einige Schweisstropfen und rote K\u00f6pfe&#8230;.<\/p>\n<p>\ufeff<img decoding=\"async\" src=\"http:\/\/www.kreativschmiede-soller.ch\/con\/blog\/wp-content\/uploads\/IMG_0006.jpg\" alt=\"\">\ufeff<span style=\"line-height: 28px;\">\ufeff<\/span><\/p>\n<p><img decoding=\"async\" src=\"http:\/\/www.kreativschmiede-soller.ch\/con\/blog\/wp-content\/uploads\/IMG_0007.jpg\" alt=\"\">\ufeff\ufeff<img decoding=\"async\" src=\"http:\/\/www.kreativschmiede-soller.ch\/con\/blog\/wp-content\/uploads\/IMG_0010.jpg\" alt=\"\">\ufeff\ufeff<img decoding=\"async\" src=\"http:\/\/www.kreativschmiede-soller.ch\/con\/blog\/wp-content\/uploads\/IMG_0003.jpg\" alt=\"\">\ufeff\ufeff<img decoding=\"async\" src=\"http:\/\/www.kreativschmiede-soller.ch\/con\/blog\/wp-content\/uploads\/IMG_0004.jpg\" alt=\"\">\ufeff<\/p>\n","protected":false},"excerpt":{"rendered":"<p>Schon den dritten Kurs &#8222;Drei Tage, drei Schellen, drei Kl\u00e4nge&#8220; konnte ich mit motivierten KursteilehmerInnen in der Klagschmiede Alt St. Johann durchf\u00fchren. Das Feuervermessingen der [&#8230;]<\/p>\n","protected":false},"author":2,"featured_media":0,"comment_status":"closed","ping_status":"closed","sticky":false,"template":"","format":"standard","meta":[],"categories":[12],"tags":[],"_links":{"self":[{"href":"https:\/\/www.kreativschmiede-soller.ch\/index.php\/wp-json\/wp\/v2\/posts\/714"}],"collection":[{"href":"https:\/\/www.kreativschmiede-soller.ch\/index.php\/wp-json\/wp\/v2\/posts"}],"about":[{"href":"https:\/\/www.kreativschmiede-soller.ch\/index.php\/wp-json\/wp\/v2\/types\/post"}],"author":[{"embeddable":true,"href":"https:\/\/www.kreativschmiede-soller.ch\/index.php\/wp-json\/wp\/v2\/users\/2"}],"replies":[{"embeddable":true,"href":"https:\/\/www.kreativschmiede-soller.ch\/index.php\/wp-json\/wp\/v2\/comments?post=714"}],"version-history":[{"count":1,"href":"https:\/\/www.kreativschmiede-soller.ch\/index.php\/wp-json\/wp\/v2\/posts\/714\/revisions"}],"predecessor-version":[{"id":894,"href":"https:\/\/www.kreativschmiede-soller.ch\/index.php\/wp-json\/wp\/v2\/posts\/714\/revisions\/894"}],"wp:attachment":[{"href":"https:\/\/www.kreativschmiede-soller.ch\/index.php\/wp-json\/wp\/v2\/media?parent=714"}],"wp:term":[{"taxonomy":"category","embeddable":true,"href":"https:\/\/www.kreativschmiede-soller.ch\/index.php\/wp-json\/wp\/v2\/categories?post=714"},{"taxonomy":"post_tag","embeddable":true,"href":"https:\/\/www.kreativschmiede-soller.ch\/index.php\/wp-json\/wp\/v2\/tags?post=714"}],"curies":[{"name":"wp","href":"https:\/\/api.w.org\/{rel}","templated":true}]}}