{"id":767,"date":"2015-09-05T17:57:37","date_gmt":"2015-09-05T15:57:37","guid":{"rendered":"http:\/\/www.kreativschmiede-soller.ch\/con\/blog\/?p=767"},"modified":"2016-02-10T20:24:18","modified_gmt":"2016-02-10T19:24:18","slug":"designwettbewerb","status":"publish","type":"post","link":"https:\/\/www.kreativschmiede-soller.ch\/index.php\/2015\/09\/05\/designwettbewerb\/","title":{"rendered":"Designwettbewerb"},"content":{"rendered":"<p>&#8222;From life to life&#8220; war mein Thema zum Designewettbewerb f\u00fcr einen Abfallk\u00fcbel mit Aschenbecher. Die Idee f\u00fcr den Aschenbecher ist mir in der Nacht durch den Kopf gegeistert&#8230; Um 19.00 Uhr werden sie von der Jury bewertet. &nbsp;<a href=\"http:\/\/www.kreativschmiede-soller.ch\/con\/blog\/wp-content\/uploads\/IMG_4694.jpg\"><img decoding=\"async\" src=\"http:\/\/www.kreativschmiede-soller.ch\/con\/blog\/wp-content\/uploads\/IMG_4694.jpg\" alt=\"\"><\/a>&nbsp;<\/p>\n<p>Chrigel aus Bern ist der zweite Schweizer, der teilnimmt. &#8222;Puppentheater&#8220; ist seine Kreation&nbsp;<\/p>\n<p><a href=\"http:\/\/www.kreativschmiede-soller.ch\/con\/blog\/wp-content\/uploads\/IMG_4714.png\"><img decoding=\"async\" src=\"http:\/\/www.kreativschmiede-soller.ch\/con\/blog\/wp-content\/uploads\/IMG_4714.png\" alt=\"\"><\/a>&nbsp;<\/p>\n","protected":false},"excerpt":{"rendered":"<p>&#8222;From life to life&#8220; war mein Thema zum Designewettbewerb f\u00fcr einen Abfallk\u00fcbel mit Aschenbecher. Die Idee f\u00fcr den Aschenbecher ist mir in der Nacht durch [&#8230;]<\/p>\n","protected":false},"author":2,"featured_media":0,"comment_status":"closed","ping_status":"closed","sticky":false,"template":"","format":"standard","meta":[],"categories":[42],"tags":[],"_links":{"self":[{"href":"https:\/\/www.kreativschmiede-soller.ch\/index.php\/wp-json\/wp\/v2\/posts\/767"}],"collection":[{"href":"https:\/\/www.kreativschmiede-soller.ch\/index.php\/wp-json\/wp\/v2\/posts"}],"about":[{"href":"https:\/\/www.kreativschmiede-soller.ch\/index.php\/wp-json\/wp\/v2\/types\/post"}],"author":[{"embeddable":true,"href":"https:\/\/www.kreativschmiede-soller.ch\/index.php\/wp-json\/wp\/v2\/users\/2"}],"replies":[{"embeddable":true,"href":"https:\/\/www.kreativschmiede-soller.ch\/index.php\/wp-json\/wp\/v2\/comments?post=767"}],"version-history":[{"count":1,"href":"https:\/\/www.kreativschmiede-soller.ch\/index.php\/wp-json\/wp\/v2\/posts\/767\/revisions"}],"predecessor-version":[{"id":869,"href":"https:\/\/www.kreativschmiede-soller.ch\/index.php\/wp-json\/wp\/v2\/posts\/767\/revisions\/869"}],"wp:attachment":[{"href":"https:\/\/www.kreativschmiede-soller.ch\/index.php\/wp-json\/wp\/v2\/media?parent=767"}],"wp:term":[{"taxonomy":"category","embeddable":true,"href":"https:\/\/www.kreativschmiede-soller.ch\/index.php\/wp-json\/wp\/v2\/categories?post=767"},{"taxonomy":"post_tag","embeddable":true,"href":"https:\/\/www.kreativschmiede-soller.ch\/index.php\/wp-json\/wp\/v2\/tags?post=767"}],"curies":[{"name":"wp","href":"https:\/\/api.w.org\/{rel}","templated":true}]}}