{"id":854,"date":"2015-12-20T17:49:11","date_gmt":"2015-12-20T16:49:11","guid":{"rendered":"http:\/\/www.kreativschmiede-soller.ch\/con\/blog\/?p=854"},"modified":"2016-02-10T20:20:05","modified_gmt":"2016-02-10T19:20:05","slug":"wir-wunschen-schone-festtage","status":"publish","type":"post","link":"https:\/\/www.kreativschmiede-soller.ch\/index.php\/2015\/12\/20\/wir-wunschen-schone-festtage\/","title":{"rendered":"Wir w\u00fcnschen sch\u00f6ne Festtage"},"content":{"rendered":"<p>Dankbar blicken wir auf das Jahr 2015 zur\u00fcck. Die Esse brannte viele Stunden, das Eisen formte sich, erhielt eine neue Bestimmung und erfreute viele Menschen. Danke f\u00fcr Ihr entgegengebrachtes Vertrauen.<\/p>\n<p>Wir w\u00fcnschen Ihnen freudige Fesstage und Gottes Segen f\u00fcr&#8217;s 2016<\/p>\n<p>Ren\u00e9 und Magdalena Soller<\/p>\n<p><a href=\"http:\/\/www.kreativschmiede-soller.ch\/con\/blog\/wp-content\/uploads\/img_6915.jpeg\"><img decoding=\"async\" loading=\"lazy\" class=\"size-thumbnail\" title=\"\" src=\"http:\/\/www.kreativschmiede-soller.ch\/con\/blog\/wp-content\/uploads\/img_6915.jpeg\" alt=\"\" width=\"112\" height=\"150\" \/><\/a><br \/>\nWandlampe geschmiedet und im Feuer vermessingt: &#8222;Luna&#8220;<\/p>\n","protected":false},"excerpt":{"rendered":"<p>Dankbar blicken wir auf das Jahr 2015 zur\u00fcck. Die Esse brannte viele Stunden, das Eisen formte sich, erhielt eine neue Bestimmung und erfreute viele Menschen. [&#8230;]<\/p>\n","protected":false},"author":2,"featured_media":121,"comment_status":"closed","ping_status":"closed","sticky":false,"template":"","format":"standard","meta":[],"categories":[1],"tags":[43,44],"_links":{"self":[{"href":"https:\/\/www.kreativschmiede-soller.ch\/index.php\/wp-json\/wp\/v2\/posts\/854"}],"collection":[{"href":"https:\/\/www.kreativschmiede-soller.ch\/index.php\/wp-json\/wp\/v2\/posts"}],"about":[{"href":"https:\/\/www.kreativschmiede-soller.ch\/index.php\/wp-json\/wp\/v2\/types\/post"}],"author":[{"embeddable":true,"href":"https:\/\/www.kreativschmiede-soller.ch\/index.php\/wp-json\/wp\/v2\/users\/2"}],"replies":[{"embeddable":true,"href":"https:\/\/www.kreativschmiede-soller.ch\/index.php\/wp-json\/wp\/v2\/comments?post=854"}],"version-history":[{"count":1,"href":"https:\/\/www.kreativschmiede-soller.ch\/index.php\/wp-json\/wp\/v2\/posts\/854\/revisions"}],"predecessor-version":[{"id":855,"href":"https:\/\/www.kreativschmiede-soller.ch\/index.php\/wp-json\/wp\/v2\/posts\/854\/revisions\/855"}],"wp:featuredmedia":[{"embeddable":true,"href":"https:\/\/www.kreativschmiede-soller.ch\/index.php\/wp-json\/wp\/v2\/media\/121"}],"wp:attachment":[{"href":"https:\/\/www.kreativschmiede-soller.ch\/index.php\/wp-json\/wp\/v2\/media?parent=854"}],"wp:term":[{"taxonomy":"category","embeddable":true,"href":"https:\/\/www.kreativschmiede-soller.ch\/index.php\/wp-json\/wp\/v2\/categories?post=854"},{"taxonomy":"post_tag","embeddable":true,"href":"https:\/\/www.kreativschmiede-soller.ch\/index.php\/wp-json\/wp\/v2\/tags?post=854"}],"curies":[{"name":"wp","href":"https:\/\/api.w.org\/{rel}","templated":true}]}}